{"id":180,"date":"2007-06-09T20:51:11","date_gmt":"2007-06-09T18:51:11","guid":{"rendered":"http:\/\/www.krundalen.no\/blogg\/?p=180"},"modified":"2008-08-02T16:39:55","modified_gmt":"2008-08-02T15:39:55","slug":"lustramarknad-og-malpris","status":"publish","type":"post","link":"https:\/\/www.krundalen.no\/blogg\/lustramarknad-og-malpris\/","title":{"rendered":"Lustramarknad og m\u00e5lpris"},"content":{"rendered":"<p><a title=\"dscf3021.JPG\" href=\"http:\/\/www.krundalen.no\/blogg\/wp-content\/uploads\/2007\/06\/dscf3021.JPG\"><img loading=\"lazy\" decoding=\"async\" title=\"dscf3021.JPG\" src=\"http:\/\/www.krundalen.no\/blogg\/wp-content\/uploads\/2007\/06\/dscf3021.forhaandsvisning.JPG\" alt=\"dscf3021.JPG\" width=\"110\" height=\"166\" align=\"left\" \/><\/a>Og i dag heile familien p\u00e5 ekspedisjon til Lustramarknaden i Gaupne i steikjande sol. No har det vel vore varmt s\u00e5 lenge at det er lov til \u00e5 klaga? Jentene fekk pr\u00f8va seg p\u00e5 verdas minste tivoli, og elles surra me rundt i \u00f8rska\u00a0p\u00e5 jakt etter grillmat, is, ballongar og skugge.<\/p>\n<p><a title=\"malprisen-07-1.jpg\" href=\"http:\/\/www.krundalen.no\/blogg\/wp-content\/uploads\/2007\/06\/malprisen-07-1.jpg\"><img decoding=\"async\" title=\"malprisen-07-1.jpg\" src=\"http:\/\/www.krundalen.no\/blogg\/wp-content\/uploads\/2007\/06\/malprisen-07-1.forhaandsvisning.jpg\" alt=\"malprisen-07-1.jpg\" align=\"right\" \/><\/a>Me hadde ingen ambisjonar om \u00e5 ta bilete, men det hadde heldigvis Torodd Joranger p\u00e5 kommunen. Han fekk s\u00e5leis teke av det som var hovud\u00e6rendet med turen: \u00e5 dela ut Luster m\u00e5llag sin m\u00e5lpris til K\u00e5re \u00d8vregard. Meir om prisen og vinnar K\u00e5re hj\u00e5 <a href=\"http:\/\/krundalen.no\/lustermaallag\">Luster m\u00e5llag<\/a>.<\/p>\n<p>D\u00e5 me skulle heim, var det store sp\u00f8rsm\u00e5let som vanleg korleis ein kunne f\u00e5 to store heliumballongar inn i bilen (neste \u00e5r blir det tre). Eit stort poff p\u00e5 Hausamoen vart eit effektivt punktum for ekspedisjonen. Der greidde \u00d8yvind \u00e5 bita hol i \u00f8yra p\u00e5 ballongen til storesyster. Giss ein gong om det var popul\u00e6rt hj\u00e5 eigaren.<\/p>\n","protected":false},"excerpt":{"rendered":"<p>Og i dag heile familien p\u00e5 ekspedisjon til Lustramarknaden i Gaupne i steikjande sol. No har det vel vore varmt s\u00e5 lenge at det er lov til \u00e5 klaga? Jentene fekk pr\u00f8va seg p\u00e5 verdas minste tivoli, og elles surra &hellip; <a href=\"https:\/\/www.krundalen.no\/blogg\/lustramarknad-og-malpris\/\">Les meir <span class=\"meta-nav\">&rarr;<\/span><\/a><\/p>\n","protected":false},"author":2,"featured_media":0,"comment_status":"open","ping_status":"open","sticky":false,"template":"","format":"standard","meta":{"_acf_changed":false,"footnotes":""},"categories":[20],"tags":[],"class_list":["post-180","post","type-post","status-publish","format-standard","hentry","category-malsak"],"acf":[],"_links":{"self":[{"href":"https:\/\/www.krundalen.no\/blogg\/wp-json\/wp\/v2\/posts\/180"}],"collection":[{"href":"https:\/\/www.krundalen.no\/blogg\/wp-json\/wp\/v2\/posts"}],"about":[{"href":"https:\/\/www.krundalen.no\/blogg\/wp-json\/wp\/v2\/types\/post"}],"author":[{"embeddable":true,"href":"https:\/\/www.krundalen.no\/blogg\/wp-json\/wp\/v2\/users\/2"}],"replies":[{"embeddable":true,"href":"https:\/\/www.krundalen.no\/blogg\/wp-json\/wp\/v2\/comments?post=180"}],"version-history":[{"count":1,"href":"https:\/\/www.krundalen.no\/blogg\/wp-json\/wp\/v2\/posts\/180\/revisions"}],"predecessor-version":[{"id":280,"href":"https:\/\/www.krundalen.no\/blogg\/wp-json\/wp\/v2\/posts\/180\/revisions\/280"}],"wp:attachment":[{"href":"https:\/\/www.krundalen.no\/blogg\/wp-json\/wp\/v2\/media?parent=180"}],"wp:term":[{"taxonomy":"category","embeddable":true,"href":"https:\/\/www.krundalen.no\/blogg\/wp-json\/wp\/v2\/categories?post=180"},{"taxonomy":"post_tag","embeddable":true,"href":"https:\/\/www.krundalen.no\/blogg\/wp-json\/wp\/v2\/tags?post=180"}],"curies":[{"name":"wp","href":"https:\/\/api.w.org\/{rel}","templated":true}]}}