{"id":183,"date":"2007-06-28T22:14:33","date_gmt":"2007-06-28T20:14:33","guid":{"rendered":"http:\/\/www.krundalen.no\/blogg\/?p=183"},"modified":"2008-08-02T16:30:34","modified_gmt":"2008-08-02T15:30:34","slug":"brefestival","status":"publish","type":"post","link":"https:\/\/www.krundalen.no\/blogg\/brefestival\/","title":{"rendered":"Brefestival"},"content":{"rendered":"<p>[mygal=2007-06_brefestival]<\/p>\n<p>Sist helg var det <a href=\"http:\/\/www.brefestivalen.no\/\">Norsk brefestival <\/a>i Jostedalen. Det var\u00a0ei langhelg med mykje moro, ogs\u00e5 for ungane. Laurdag var Kristi med p\u00e5 barneaktivitetane, fyrst klatring i tre og og p\u00e5 sva med superbref\u00f8rarbarnetantene Marit og Marte, deretter riding med Maria og\u00a0Reidun (og assistent Jarle) i <a href=\"http:\/\/www.jostedal-horseguiding.no\/\">Raudskarvfjellet turriding<\/a>. Det gjorde inntrykk \u00e5 debutera b\u00e5de i klatring med sikring og p\u00e5 hesteryggen! Me gler oss alt til neste \u00e5r.<\/p>\n","protected":false},"excerpt":{"rendered":"<p>[mygal=2007-06_brefestival] Sist helg var det Norsk brefestival i Jostedalen. Det var\u00a0ei langhelg med mykje moro, ogs\u00e5 for ungane. Laurdag var Kristi med p\u00e5 barneaktivitetane, fyrst klatring i tre og og p\u00e5 sva med superbref\u00f8rarbarnetantene Marit og Marte, deretter riding med &hellip; <a href=\"https:\/\/www.krundalen.no\/blogg\/brefestival\/\">Les meir <span class=\"meta-nav\">&rarr;<\/span><\/a><\/p>\n","protected":false},"author":2,"featured_media":0,"comment_status":"open","ping_status":"open","sticky":false,"template":"","format":"standard","meta":{"_acf_changed":false,"footnotes":""},"categories":[23],"tags":[],"class_list":["post-183","post","type-post","status-publish","format-standard","hentry","category-jostedalen"],"acf":[],"_links":{"self":[{"href":"https:\/\/www.krundalen.no\/blogg\/wp-json\/wp\/v2\/posts\/183"}],"collection":[{"href":"https:\/\/www.krundalen.no\/blogg\/wp-json\/wp\/v2\/posts"}],"about":[{"href":"https:\/\/www.krundalen.no\/blogg\/wp-json\/wp\/v2\/types\/post"}],"author":[{"embeddable":true,"href":"https:\/\/www.krundalen.no\/blogg\/wp-json\/wp\/v2\/users\/2"}],"replies":[{"embeddable":true,"href":"https:\/\/www.krundalen.no\/blogg\/wp-json\/wp\/v2\/comments?post=183"}],"version-history":[{"count":2,"href":"https:\/\/www.krundalen.no\/blogg\/wp-json\/wp\/v2\/posts\/183\/revisions"}],"predecessor-version":[{"id":279,"href":"https:\/\/www.krundalen.no\/blogg\/wp-json\/wp\/v2\/posts\/183\/revisions\/279"}],"wp:attachment":[{"href":"https:\/\/www.krundalen.no\/blogg\/wp-json\/wp\/v2\/media?parent=183"}],"wp:term":[{"taxonomy":"category","embeddable":true,"href":"https:\/\/www.krundalen.no\/blogg\/wp-json\/wp\/v2\/categories?post=183"},{"taxonomy":"post_tag","embeddable":true,"href":"https:\/\/www.krundalen.no\/blogg\/wp-json\/wp\/v2\/tags?post=183"}],"curies":[{"name":"wp","href":"https:\/\/api.w.org\/{rel}","templated":true}]}}