{"id":187,"date":"2007-07-02T10:01:44","date_gmt":"2007-07-02T08:01:44","guid":{"rendered":"http:\/\/www.krundalen.no\/blogg\/?p=187"},"modified":"2008-08-02T16:30:12","modified_gmt":"2008-08-02T15:30:12","slug":"ny-jobb","status":"publish","type":"post","link":"https:\/\/www.krundalen.no\/blogg\/ny-jobb\/","title":{"rendered":"Ny jobb"},"content":{"rendered":"<p><a title=\"forskingsassistent\" href=\"http:\/\/www.krundalen.no\/blogg\/wp-content\/uploads\/2007\/07\/forskingsassistent.JPG\"><img decoding=\"async\" title=\"forskingsassistent\" src=\"http:\/\/www.krundalen.no\/blogg\/wp-content\/uploads\/2007\/07\/forskingsassistent.forhaandsvisning.JPG\" alt=\"forskingsassistent\" align=\"right\" \/><\/a>Som somme har f\u00e5tt med seg, er eg no gledeleg nok tilsett som h\u00f8gskulelektor i historie ved H\u00f8gskulen i Sogn og Fjordane (Sogndal). Eg har byrja sterkt med \u00e5 be om permisjon til hausten, dels for \u00e5 passa \u00d8yvind som ikkje skal g\u00e5 fullt i barnehagen, og dels for \u00e5 skriva ferdig avhandlinga. \u00d8yvind har alt god \u00f8ving i \u00e5 halda orden p\u00e5 permane og finna fram dei artiklane eg treng, s\u00e5 dette blir fine greier.<\/p>\n","protected":false},"excerpt":{"rendered":"<p>Som somme har f\u00e5tt med seg, er eg no gledeleg nok tilsett som h\u00f8gskulelektor i historie ved H\u00f8gskulen i Sogn og Fjordane (Sogndal). Eg har byrja sterkt med \u00e5 be om permisjon til hausten, dels for \u00e5 passa \u00d8yvind som &hellip; <a href=\"https:\/\/www.krundalen.no\/blogg\/ny-jobb\/\">Les meir <span class=\"meta-nav\">&rarr;<\/span><\/a><\/p>\n","protected":false},"author":2,"featured_media":0,"comment_status":"open","ping_status":"closed","sticky":false,"template":"","format":"standard","meta":{"_acf_changed":false,"footnotes":""},"categories":[22],"tags":[],"class_list":["post-187","post","type-post","status-publish","format-standard","hentry","category-heimeliv"],"acf":[],"_links":{"self":[{"href":"https:\/\/www.krundalen.no\/blogg\/wp-json\/wp\/v2\/posts\/187"}],"collection":[{"href":"https:\/\/www.krundalen.no\/blogg\/wp-json\/wp\/v2\/posts"}],"about":[{"href":"https:\/\/www.krundalen.no\/blogg\/wp-json\/wp\/v2\/types\/post"}],"author":[{"embeddable":true,"href":"https:\/\/www.krundalen.no\/blogg\/wp-json\/wp\/v2\/users\/2"}],"replies":[{"embeddable":true,"href":"https:\/\/www.krundalen.no\/blogg\/wp-json\/wp\/v2\/comments?post=187"}],"version-history":[{"count":1,"href":"https:\/\/www.krundalen.no\/blogg\/wp-json\/wp\/v2\/posts\/187\/revisions"}],"predecessor-version":[{"id":277,"href":"https:\/\/www.krundalen.no\/blogg\/wp-json\/wp\/v2\/posts\/187\/revisions\/277"}],"wp:attachment":[{"href":"https:\/\/www.krundalen.no\/blogg\/wp-json\/wp\/v2\/media?parent=187"}],"wp:term":[{"taxonomy":"category","embeddable":true,"href":"https:\/\/www.krundalen.no\/blogg\/wp-json\/wp\/v2\/categories?post=187"},{"taxonomy":"post_tag","embeddable":true,"href":"https:\/\/www.krundalen.no\/blogg\/wp-json\/wp\/v2\/tags?post=187"}],"curies":[{"name":"wp","href":"https:\/\/api.w.org\/{rel}","templated":true}]}}