{"id":205,"date":"2007-08-23T10:30:28","date_gmt":"2007-08-23T08:30:28","guid":{"rendered":"http:\/\/www.krundalen.no\/blogg\/?p=205"},"modified":"2008-08-02T11:54:37","modified_gmt":"2008-08-02T10:54:37","slug":"takk-til-diffen","status":"publish","type":"post","link":"https:\/\/www.krundalen.no\/blogg\/takk-til-diffen\/","title":{"rendered":"Takk til Diffen"},"content":{"rendered":"<p>No er det slett ikkje slik at eg unnar H\u00f8gre eit godt val, korkje i hovudstaden eller andre stader, og s\u00e5leis kan ein kanskje fryda seg over at ein 15 \u00e5r gamal sveitskonto \u00f8ydelegg valkampen for dei.<\/p>\n<p>Men det var synd at dette skulle g\u00e5 utover Per Ditlev-Simonsen. For m\u00e5lr\u00f8rsla har han vore det einaste lyspunktet p\u00e5 h\u00f8gresida i Oslo-politikken dei siste 10-15 \u00e5ra. Han sat i styret for Garborg-\u00e5ret 2001 og var gjennom mange \u00e5r ein av tungvektarane i partiet som tok til motm\u00e6le mot framlegg om &laquo;valgfritt&raquo; sidem\u00e5l p\u00e5 landsm\u00f8ta. Me var heller aldri tvil om kvar han stod i ordf\u00f8rartida sj\u00f8lv om det i realiteten ikkje var han som styrte politikken.\u00a0Som Bergens Tidende r\u00e5kande skreiv p\u00e5 leiarplass i november 2003 etter eit av dei tallause nei til sidem\u00e5l-framlegga fr\u00e5 Oslo H\u00f8gre: &laquo;Vi forst\u00e5r ordf\u00f8rer Per Ditlev-Simonsen, som ser beskjemmet bort hver gang dette forslaget fremmes.&raquo;<\/p>\n","protected":false},"excerpt":{"rendered":"<p>No er det slett ikkje slik at eg unnar H\u00f8gre eit godt val, korkje i hovudstaden eller andre stader, og s\u00e5leis kan ein kanskje fryda seg over at ein 15 \u00e5r gamal sveitskonto \u00f8ydelegg valkampen for dei. Men det var &hellip; <a href=\"https:\/\/www.krundalen.no\/blogg\/takk-til-diffen\/\">Les meir <span class=\"meta-nav\">&rarr;<\/span><\/a><\/p>\n","protected":false},"author":2,"featured_media":0,"comment_status":"open","ping_status":"closed","sticky":false,"template":"","format":"standard","meta":{"_acf_changed":false,"footnotes":""},"categories":[21],"tags":[],"class_list":["post-205","post","type-post","status-publish","format-standard","hentry","category-politikk"],"acf":[],"_links":{"self":[{"href":"https:\/\/www.krundalen.no\/blogg\/wp-json\/wp\/v2\/posts\/205"}],"collection":[{"href":"https:\/\/www.krundalen.no\/blogg\/wp-json\/wp\/v2\/posts"}],"about":[{"href":"https:\/\/www.krundalen.no\/blogg\/wp-json\/wp\/v2\/types\/post"}],"author":[{"embeddable":true,"href":"https:\/\/www.krundalen.no\/blogg\/wp-json\/wp\/v2\/users\/2"}],"replies":[{"embeddable":true,"href":"https:\/\/www.krundalen.no\/blogg\/wp-json\/wp\/v2\/comments?post=205"}],"version-history":[{"count":2,"href":"https:\/\/www.krundalen.no\/blogg\/wp-json\/wp\/v2\/posts\/205\/revisions"}],"predecessor-version":[{"id":267,"href":"https:\/\/www.krundalen.no\/blogg\/wp-json\/wp\/v2\/posts\/205\/revisions\/267"}],"wp:attachment":[{"href":"https:\/\/www.krundalen.no\/blogg\/wp-json\/wp\/v2\/media?parent=205"}],"wp:term":[{"taxonomy":"category","embeddable":true,"href":"https:\/\/www.krundalen.no\/blogg\/wp-json\/wp\/v2\/categories?post=205"},{"taxonomy":"post_tag","embeddable":true,"href":"https:\/\/www.krundalen.no\/blogg\/wp-json\/wp\/v2\/tags?post=205"}],"curies":[{"name":"wp","href":"https:\/\/api.w.org\/{rel}","templated":true}]}}