{"id":208,"date":"2007-09-12T12:22:11","date_gmt":"2007-09-12T10:22:11","guid":{"rendered":"http:\/\/www.krundalen.no\/blogg\/?p=208"},"modified":"2008-08-02T11:52:57","modified_gmt":"2008-08-02T10:52:57","slug":"valmoro-i-luster","status":"publish","type":"post","link":"https:\/\/www.krundalen.no\/blogg\/valmoro-i-luster\/","title":{"rendered":"Valmoro i Luster"},"content":{"rendered":"<p>Media fekk aldri med seg thrillaren som utspann seg i lustravalet heilt fram til i g\u00e5r ettermiddag. Det f\u00f8rebels resultatet som kom p\u00e5 nettet m\u00e5ndagskvelden var s\u00e5 jamt som det kunne ha blitt. Venstre stod der med sistemandatet, men det var heilt daudt l\u00f8p med Krf. Eigenleg skulle mandatet dermed st\u00e5tt p\u00e5 Krf fordi dei hadde\u00a0flest r\u00f8yster totalt.\u00a0Men V trong alts\u00e5 berre\u00a0\u00e9i r\u00f8yst meir. Og til alt overm\u00e5l var Frp \u00f2g berre \u00e9i r\u00f8yst ifr\u00e5 \u00e5 ta det.<\/p>\n<p>D\u00e5 dei var\u00a0ferdige med \u00e5 telja i g\u00e5r ettermiddag og dei siste f\u00f8rehandsr\u00f8ystene var med, var det ikkje like jamt. V fekk sistemandatet, men 4 &#8211; fire &#8211; r\u00f8yster meir til Frp hadde vippa mandatet dit. D\u00e5 hadde dei vore sikra ein plass i formannskapet og\u00a0kome p\u00e5 vippen. No er Frp garantert \u00e5 ikkje f\u00e5 ein plass der.<\/p>\n<p>Stoda er no alts\u00e5 f\u00f8lgjande: den noverande konstellasjonen Sp+Krf+V med st\u00f8tte fr\u00e5 H har fleirtal (15 av 29). Men det har \u00f2g Ap+Krf om dei f\u00e5r st\u00f8tte fr\u00e5 SV sin eine (15). S\u00e5 om ordf\u00f8raren i Luster kjem til \u00e5 heita Torodd Urnes (Krf) eller Ivar Kvalen (Sp) veit ingen. Men alle veit at han ikkje kjem til \u00e5 heita Anders Bolstad (Ap).<\/p>\n","protected":false},"excerpt":{"rendered":"<p>Media fekk aldri med seg thrillaren som utspann seg i lustravalet heilt fram til i g\u00e5r ettermiddag. Det f\u00f8rebels resultatet som kom p\u00e5 nettet m\u00e5ndagskvelden var s\u00e5 jamt som det kunne ha blitt. Venstre stod der med sistemandatet, men det &hellip; <a href=\"https:\/\/www.krundalen.no\/blogg\/valmoro-i-luster\/\">Les meir <span class=\"meta-nav\">&rarr;<\/span><\/a><\/p>\n","protected":false},"author":2,"featured_media":0,"comment_status":"open","ping_status":"closed","sticky":false,"template":"","format":"standard","meta":{"_acf_changed":false,"footnotes":""},"categories":[21],"tags":[],"class_list":["post-208","post","type-post","status-publish","format-standard","hentry","category-politikk"],"acf":[],"_links":{"self":[{"href":"https:\/\/www.krundalen.no\/blogg\/wp-json\/wp\/v2\/posts\/208"}],"collection":[{"href":"https:\/\/www.krundalen.no\/blogg\/wp-json\/wp\/v2\/posts"}],"about":[{"href":"https:\/\/www.krundalen.no\/blogg\/wp-json\/wp\/v2\/types\/post"}],"author":[{"embeddable":true,"href":"https:\/\/www.krundalen.no\/blogg\/wp-json\/wp\/v2\/users\/2"}],"replies":[{"embeddable":true,"href":"https:\/\/www.krundalen.no\/blogg\/wp-json\/wp\/v2\/comments?post=208"}],"version-history":[{"count":1,"href":"https:\/\/www.krundalen.no\/blogg\/wp-json\/wp\/v2\/posts\/208\/revisions"}],"predecessor-version":[{"id":261,"href":"https:\/\/www.krundalen.no\/blogg\/wp-json\/wp\/v2\/posts\/208\/revisions\/261"}],"wp:attachment":[{"href":"https:\/\/www.krundalen.no\/blogg\/wp-json\/wp\/v2\/media?parent=208"}],"wp:term":[{"taxonomy":"category","embeddable":true,"href":"https:\/\/www.krundalen.no\/blogg\/wp-json\/wp\/v2\/categories?post=208"},{"taxonomy":"post_tag","embeddable":true,"href":"https:\/\/www.krundalen.no\/blogg\/wp-json\/wp\/v2\/tags?post=208"}],"curies":[{"name":"wp","href":"https:\/\/api.w.org\/{rel}","templated":true}]}}