{"id":209,"date":"2007-09-12T23:12:23","date_gmt":"2007-09-12T21:12:23","guid":{"rendered":"http:\/\/www.krundalen.no\/blogg\/?p=209"},"modified":"2008-08-02T11:52:26","modified_gmt":"2008-08-02T10:52:26","slug":"valmoro-i-luster-ii","status":"publish","type":"post","link":"https:\/\/www.krundalen.no\/blogg\/valmoro-i-luster-ii\/","title":{"rendered":"Valmoro i Luster II"},"content":{"rendered":"<p>I kveld vart det kl\u00e5rt at Torodd Urnes held fram som ordf\u00f8rar med st\u00f8tte fr\u00e5 Ap og SV-Simonsen.<\/p>\n<p>Kveldens sp\u00f8rsm\u00e5l vert d\u00e5: Kor mange av dei 93 som r\u00f8ysta SV i Luster\u00a0visste at dei dermed r\u00f8ysta p\u00e5 ein Krf-ordf\u00f8rar?<\/p>\n","protected":false},"excerpt":{"rendered":"<p>I kveld vart det kl\u00e5rt at Torodd Urnes held fram som ordf\u00f8rar med st\u00f8tte fr\u00e5 Ap og SV-Simonsen. Kveldens sp\u00f8rsm\u00e5l vert d\u00e5: Kor mange av dei 93 som r\u00f8ysta SV i Luster\u00a0visste at dei dermed r\u00f8ysta p\u00e5 ein Krf-ordf\u00f8rar?<\/p>\n","protected":false},"author":2,"featured_media":0,"comment_status":"open","ping_status":"closed","sticky":false,"template":"","format":"standard","meta":{"_acf_changed":false,"footnotes":""},"categories":[21],"tags":[],"class_list":["post-209","post","type-post","status-publish","format-standard","hentry","category-politikk"],"acf":[],"_links":{"self":[{"href":"https:\/\/www.krundalen.no\/blogg\/wp-json\/wp\/v2\/posts\/209"}],"collection":[{"href":"https:\/\/www.krundalen.no\/blogg\/wp-json\/wp\/v2\/posts"}],"about":[{"href":"https:\/\/www.krundalen.no\/blogg\/wp-json\/wp\/v2\/types\/post"}],"author":[{"embeddable":true,"href":"https:\/\/www.krundalen.no\/blogg\/wp-json\/wp\/v2\/users\/2"}],"replies":[{"embeddable":true,"href":"https:\/\/www.krundalen.no\/blogg\/wp-json\/wp\/v2\/comments?post=209"}],"version-history":[{"count":1,"href":"https:\/\/www.krundalen.no\/blogg\/wp-json\/wp\/v2\/posts\/209\/revisions"}],"predecessor-version":[{"id":260,"href":"https:\/\/www.krundalen.no\/blogg\/wp-json\/wp\/v2\/posts\/209\/revisions\/260"}],"wp:attachment":[{"href":"https:\/\/www.krundalen.no\/blogg\/wp-json\/wp\/v2\/media?parent=209"}],"wp:term":[{"taxonomy":"category","embeddable":true,"href":"https:\/\/www.krundalen.no\/blogg\/wp-json\/wp\/v2\/categories?post=209"},{"taxonomy":"post_tag","embeddable":true,"href":"https:\/\/www.krundalen.no\/blogg\/wp-json\/wp\/v2\/tags?post=209"}],"curies":[{"name":"wp","href":"https:\/\/api.w.org\/{rel}","templated":true}]}}