{"id":212,"date":"2007-09-20T20:59:07","date_gmt":"2007-09-20T18:59:07","guid":{"rendered":"http:\/\/www.krundalen.no\/blogg\/?p=212"},"modified":"2008-08-02T11:51:37","modified_gmt":"2008-08-02T10:51:37","slug":"avisinnlegg-kvinner-i-lustrapolitikken","status":"publish","type":"post","link":"https:\/\/www.krundalen.no\/blogg\/avisinnlegg-kvinner-i-lustrapolitikken\/","title":{"rendered":"Kvinner i lustrapolitikken"},"content":{"rendered":"<p>Sogn Avis (13\/9) tek hatten av for Luster for \u00e5 ha sendt fleire kvinner inn i kommunestyret og jekka gubbeveldet kraftig ned. Ein kan sp\u00f8rja seg om det siste n\u00e5r me no veit kva for ein duo som vert ordf\u00f8rar\/varaordf\u00f8rar, men greitt \u2013 det er eit stort framsteg at 11 av 29 representantar no vert kvinner. Dei to f\u00f8rre periodane var det fem, og i 1995 vart seks kvinner innvalde.<!--more-->Dette er det veljarane og ikkje partia som skal ha \u00e6ra for. Hadde listeframlegga til partia g\u00e5tt gjennom uendra, ville det kome inn 10 kvinner, og tilleggsr\u00f8ystene gjorde alts\u00e5 at det kom inn ei meir. I 2003 hadde faktisk ni kvinner kome inn om partia hadde f\u00e5tt viljen sin. Lyspunktet er alts\u00e5 ikkje st\u00f8rre enn at veljarane endeleg har slutta \u00e5 kvotera inn karane.<\/p>\n<p>Partia har derimot ikkje kome seg mykje, trass i at kommunen har f\u00e5tt s\u00e5 hatten passar for den pinlege kvinnerepresentasjonen dei siste fire \u00e5ra. Alle parti til saman nominerte alts\u00e5 berre 1 \u2013 \u00e9i \u2013 kvinne meir i \u00e5r enn i 2003 p\u00e5 dei plassane som ville gjeve plass i kommunestyret om listene hadde passert valdagen uendra. I \u00e5r som i 2003 var dessutan berre ei av listetoppane kvinne, og i motsetnad til i 2003 var ingen av dei reelle ordf\u00f8rarkandidatane i \u00e5r kvinner.<\/p>\n<p>Formannskapsvala er heller ikkje mykje \u00e5 ta hatten av for. Fr\u00e5 1995 til 2003 var det faktisk tre kvinner i formannskapet \u2013 siste perioden har det berre vore to. Og fleire ser det ikkje ut til \u00e5 bli denne gongen heller. Det politiske milj\u00f8et i Luster m\u00e5 alts\u00e5 ta seg sj\u00f8lv end\u00e5 kraftigare i nakken, og fyrste sjanse er n\u00e5r det nye kommunestyret konstituerer seg.<\/p>\n<p>Fire \u00e5r i kommunestyret har gjort meg m\u00f8kka lei av at mann etter mann tek ordet i sak etter sak. Det er difor s\u00e6rs gledeleg at Luster er kome med p\u00e5 \u00c5slaug Haga sitt prosjekt for \u00e5 f\u00e5 fram fleire kvinner i politikken. Her f\u00e5r alle dei flinke damene i kommunestyret i Luster hive seg p\u00e5, s\u00e5 f\u00e5r gubbeveldet banes\u00e5ret om fire \u00e5r.<\/p>\n<p>Oddmund L. Hoel<\/p>\n<p>Avtroppande kommunestyrerepresentant, Luster (Sp)<\/p>\n<p>(Innlegg i <em>Sogn Avis<\/em>, 18.9.2007)<\/p>\n","protected":false},"excerpt":{"rendered":"<p>Sogn Avis (13\/9) tek hatten av for Luster for \u00e5 ha sendt fleire kvinner inn i kommunestyret og jekka gubbeveldet kraftig ned. Ein kan sp\u00f8rja seg om det siste n\u00e5r me no veit kva for ein duo som vert ordf\u00f8rar\/varaordf\u00f8rar, &hellip; <a href=\"https:\/\/www.krundalen.no\/blogg\/avisinnlegg-kvinner-i-lustrapolitikken\/\">Les meir <span class=\"meta-nav\">&rarr;<\/span><\/a><\/p>\n","protected":false},"author":2,"featured_media":0,"comment_status":"open","ping_status":"closed","sticky":false,"template":"","format":"standard","meta":{"_acf_changed":false,"footnotes":""},"categories":[21],"tags":[],"class_list":["post-212","post","type-post","status-publish","format-standard","hentry","category-politikk"],"acf":[],"_links":{"self":[{"href":"https:\/\/www.krundalen.no\/blogg\/wp-json\/wp\/v2\/posts\/212"}],"collection":[{"href":"https:\/\/www.krundalen.no\/blogg\/wp-json\/wp\/v2\/posts"}],"about":[{"href":"https:\/\/www.krundalen.no\/blogg\/wp-json\/wp\/v2\/types\/post"}],"author":[{"embeddable":true,"href":"https:\/\/www.krundalen.no\/blogg\/wp-json\/wp\/v2\/users\/2"}],"replies":[{"embeddable":true,"href":"https:\/\/www.krundalen.no\/blogg\/wp-json\/wp\/v2\/comments?post=212"}],"version-history":[{"count":1,"href":"https:\/\/www.krundalen.no\/blogg\/wp-json\/wp\/v2\/posts\/212\/revisions"}],"predecessor-version":[{"id":258,"href":"https:\/\/www.krundalen.no\/blogg\/wp-json\/wp\/v2\/posts\/212\/revisions\/258"}],"wp:attachment":[{"href":"https:\/\/www.krundalen.no\/blogg\/wp-json\/wp\/v2\/media?parent=212"}],"wp:term":[{"taxonomy":"category","embeddable":true,"href":"https:\/\/www.krundalen.no\/blogg\/wp-json\/wp\/v2\/categories?post=212"},{"taxonomy":"post_tag","embeddable":true,"href":"https:\/\/www.krundalen.no\/blogg\/wp-json\/wp\/v2\/tags?post=212"}],"curies":[{"name":"wp","href":"https:\/\/api.w.org\/{rel}","templated":true}]}}