{"id":221,"date":"2007-11-04T22:33:11","date_gmt":"2007-11-04T20:33:11","guid":{"rendered":"http:\/\/www.krundalen.no\/blogg\/?p=221"},"modified":"2008-08-02T11:32:06","modified_gmt":"2008-08-02T10:32:06","slug":"lyspunkt-for-f%c3%b8dselsomsorga","status":"publish","type":"post","link":"https:\/\/www.krundalen.no\/blogg\/lyspunkt-for-f%c3%b8dselsomsorga\/","title":{"rendered":"Lyspunkt for f\u00f8dselsomsorga!"},"content":{"rendered":"<p>Dei siste dagane har det kome store medieoppslag om at alle medlemene Nasjonalt r\u00e5d for f\u00f8dselsomsorga har trekt seg i protest mot Helse- og omsorgsdepartementet. Sylvia Brustad h\u00f8yrer ikkje p\u00e5 &laquo;faglege r\u00e5d&raquo;, ho driv berre &laquo;distriktspolitikk&raquo;, heiter det.<\/p>\n<p>Endeleg! Dette er det mest gledelege som har skjedd i f\u00f8dselsomsorga p\u00e5 lange tider! I over ti \u00e5r har \u00e9in fraksjon i f\u00f8dselsomsorga lagt alle faglege og politiske premissar for den statlege politikken p\u00e5 feltet. Ein av dei mest dramatiske konsekvensane var nedlegginga av f\u00f8deavdelinga i L\u00e6rdal.<\/p>\n<p>P\u00e5 <a href=\"http:\/\/laerdalsjukehus.blogspot.com\/2007\/11\/gledelig-nyhet-nasjonalt-rd-for.html\">bloggen til Forsvar L\u00e6rdal Sjukehus <\/a>skriv Bente \u00d8H den verkelege grunnen til at dei har trekt seg: departementet har uansett <a href=\"http:\/\/www.regjeringen.no\/nb\/dep\/hod\/tema\/Sykehus\/Innspillsrunde---Nasjonal-strategi-for-s.html?id=481609\">gjort framlegg om \u00e5 leggja ned r\u00e5det<\/a> (s. 6).\u00a0Og end\u00e5 viktigare: Dep. opnar\u00a0\u00a0for \u00e5 lempa p\u00e5 kravet til talet p\u00e5 f\u00f8dslar for \u00e5 ha ei f\u00f8deavdeling (i dag 400 i \u00e5ret).<\/p>\n<p>Det ser alts\u00e5 ut til at departementet har teke til \u00e5 h\u00f8yra p\u00e5 dei mange kritiske r\u00f8ystene som er komne mot Nasjonalt r\u00e5d. I fjor v\u00e5r var Bente og eg p\u00e5 eit par m\u00f8te med leiinga i Helsedepartementet og la fram v\u00e5rt syn p\u00e5 Nasjonalt r\u00e5d og f\u00f8destovestriden i L\u00e6rdal. Spesielt interesserte finn dei to notata me laga nedanfor\u00a0(8.5.2006). Her kan ein mellom anna lesa r\u00f8varhistoria bak opprettinga av Nasjonalt r\u00e5d og det fam\u00f8se stortingsvedtaket om &laquo;niv\u00e5inndelinga&raquo;.<\/p>\n<ul>\n<li><a title=\"utgreiing_fode_laerdal.pdf\" href=\"http:\/\/www.krundalen.no\/blogg\/wp-content\/uploads\/2007\/11\/utgreiing_fode_laerdal.pdf\">Fagleg og politisk grunnlag for gjenoppretting av f\u00f8deavdelinga i L\u00e6rdal<\/a>\u00a0(pdf)<\/li>\n<li><a title=\"notat_nasjonalt_raad.pdf\" href=\"http:\/\/www.krundalen.no\/blogg\/wp-content\/uploads\/2007\/11\/notat_nasjonalt_raad.pdf\">S\u00f8kjelys p\u00e5 Nasjonalt r\u00e5d for f\u00f8dselsomsorg<\/a>\u00a0(pdf)<\/li>\n<\/ul>\n","protected":false},"excerpt":{"rendered":"<p>Dei siste dagane har det kome store medieoppslag om at alle medlemene Nasjonalt r\u00e5d for f\u00f8dselsomsorga har trekt seg i protest mot Helse- og omsorgsdepartementet. Sylvia Brustad h\u00f8yrer ikkje p\u00e5 &laquo;faglege r\u00e5d&raquo;, ho driv berre &laquo;distriktspolitikk&raquo;, heiter det. Endeleg! Dette &hellip; <a href=\"https:\/\/www.krundalen.no\/blogg\/lyspunkt-for-f%c3%b8dselsomsorga\/\">Les meir <span class=\"meta-nav\">&rarr;<\/span><\/a><\/p>\n","protected":false},"author":2,"featured_media":0,"comment_status":"open","ping_status":"closed","sticky":false,"template":"","format":"standard","meta":{"_acf_changed":false,"footnotes":""},"categories":[21],"tags":[],"class_list":["post-221","post","type-post","status-publish","format-standard","hentry","category-politikk"],"acf":[],"_links":{"self":[{"href":"https:\/\/www.krundalen.no\/blogg\/wp-json\/wp\/v2\/posts\/221"}],"collection":[{"href":"https:\/\/www.krundalen.no\/blogg\/wp-json\/wp\/v2\/posts"}],"about":[{"href":"https:\/\/www.krundalen.no\/blogg\/wp-json\/wp\/v2\/types\/post"}],"author":[{"embeddable":true,"href":"https:\/\/www.krundalen.no\/blogg\/wp-json\/wp\/v2\/users\/2"}],"replies":[{"embeddable":true,"href":"https:\/\/www.krundalen.no\/blogg\/wp-json\/wp\/v2\/comments?post=221"}],"version-history":[{"count":1,"href":"https:\/\/www.krundalen.no\/blogg\/wp-json\/wp\/v2\/posts\/221\/revisions"}],"predecessor-version":[{"id":255,"href":"https:\/\/www.krundalen.no\/blogg\/wp-json\/wp\/v2\/posts\/221\/revisions\/255"}],"wp:attachment":[{"href":"https:\/\/www.krundalen.no\/blogg\/wp-json\/wp\/v2\/media?parent=221"}],"wp:term":[{"taxonomy":"category","embeddable":true,"href":"https:\/\/www.krundalen.no\/blogg\/wp-json\/wp\/v2\/categories?post=221"},{"taxonomy":"post_tag","embeddable":true,"href":"https:\/\/www.krundalen.no\/blogg\/wp-json\/wp\/v2\/tags?post=221"}],"curies":[{"name":"wp","href":"https:\/\/api.w.org\/{rel}","templated":true}]}}