{"id":224,"date":"2007-12-18T14:39:13","date_gmt":"2007-12-18T13:39:13","guid":{"rendered":"http:\/\/www.krundalen.no\/blogg\/?p=224"},"modified":"2008-08-02T11:31:35","modified_gmt":"2008-08-02T10:31:35","slug":"hardare-master-tider","status":"publish","type":"post","link":"https:\/\/www.krundalen.no\/blogg\/hardare-master-tider\/","title":{"rendered":"Hardare master-tider"},"content":{"rendered":"<p>&laquo;P\u00e5 H\u00f8yden&raquo; <a href=\"http:\/\/nyheter.uib.no\/?modus=vis_nyhet&amp;id=38702\">melder<\/a> at HF-fakultetet for framtida vil setja krav til doktorgradsstudentane om at dei tok mastergraden p\u00e5 normert tid:<\/p>\n<blockquote><p>Dekan Akselberg sier til P\u00e5 h\u00f8yden at dette tiltaket er en f\u00f8lge av det nye gradssystemet, og at man bare m\u00e5 erkjenne at master ikke er det samme som det gamle hovedfaget.<br \/>\n\u2013 De dagene er over.\u00a0I det nye utdanningsregimet er det nok PhD-graden som ligner mest p\u00e5 det tidligere hovedfaget, sier han.<\/p><\/blockquote>\n<p>Det er godt \u00e5 f\u00e5 enno ein grunn til \u00e5 gle seg over at ein iallfall er komen s\u00e5 langt. Det gjer nok \u00f2g dekan Gunnstein som i 1979 leverte hovudoppg\u00e5veklassikaren &laquo;Noko om stadnamn fr\u00e5 Voss&raquo; i to band.<\/p>\n","protected":false},"excerpt":{"rendered":"<p>&laquo;P\u00e5 H\u00f8yden&raquo; melder at HF-fakultetet for framtida vil setja krav til doktorgradsstudentane om at dei tok mastergraden p\u00e5 normert tid: Dekan Akselberg sier til P\u00e5 h\u00f8yden at dette tiltaket er en f\u00f8lge av det nye gradssystemet, og at man bare &hellip; <a href=\"https:\/\/www.krundalen.no\/blogg\/hardare-master-tider\/\">Les meir <span class=\"meta-nav\">&rarr;<\/span><\/a><\/p>\n","protected":false},"author":2,"featured_media":0,"comment_status":"open","ping_status":"closed","sticky":false,"template":"","format":"standard","meta":{"_acf_changed":false,"footnotes":""},"categories":[21],"tags":[],"class_list":["post-224","post","type-post","status-publish","format-standard","hentry","category-politikk"],"acf":[],"_links":{"self":[{"href":"https:\/\/www.krundalen.no\/blogg\/wp-json\/wp\/v2\/posts\/224"}],"collection":[{"href":"https:\/\/www.krundalen.no\/blogg\/wp-json\/wp\/v2\/posts"}],"about":[{"href":"https:\/\/www.krundalen.no\/blogg\/wp-json\/wp\/v2\/types\/post"}],"author":[{"embeddable":true,"href":"https:\/\/www.krundalen.no\/blogg\/wp-json\/wp\/v2\/users\/2"}],"replies":[{"embeddable":true,"href":"https:\/\/www.krundalen.no\/blogg\/wp-json\/wp\/v2\/comments?post=224"}],"version-history":[{"count":1,"href":"https:\/\/www.krundalen.no\/blogg\/wp-json\/wp\/v2\/posts\/224\/revisions"}],"predecessor-version":[{"id":254,"href":"https:\/\/www.krundalen.no\/blogg\/wp-json\/wp\/v2\/posts\/224\/revisions\/254"}],"wp:attachment":[{"href":"https:\/\/www.krundalen.no\/blogg\/wp-json\/wp\/v2\/media?parent=224"}],"wp:term":[{"taxonomy":"category","embeddable":true,"href":"https:\/\/www.krundalen.no\/blogg\/wp-json\/wp\/v2\/categories?post=224"},{"taxonomy":"post_tag","embeddable":true,"href":"https:\/\/www.krundalen.no\/blogg\/wp-json\/wp\/v2\/tags?post=224"}],"curies":[{"name":"wp","href":"https:\/\/api.w.org\/{rel}","templated":true}]}}