{"id":232,"date":"2008-02-15T17:22:05","date_gmt":"2008-02-15T16:22:05","guid":{"rendered":"http:\/\/www.krundalen.no\/blogg\/?p=232"},"modified":"2008-08-02T11:28:36","modified_gmt":"2008-08-02T10:28:36","slug":"sluttrapporten-til-nasjonalt-rad","status":"publish","type":"post","link":"https:\/\/www.krundalen.no\/blogg\/sluttrapporten-til-nasjonalt-rad\/","title":{"rendered":"Sluttrapporten til Nasjonalt r\u00e5d"},"content":{"rendered":"<p>P\u00e5l \u00d8ian i det avtroppande Nasjonalt r\u00e5d for f\u00f8dselsomsorga har i dag f\u00e5tt ein del mediedekning p\u00e5 bakgrunn av den slutt&raquo;rapporten&raquo; som kom fr\u00e5 r\u00e5det for eit par dagar sidan. R\u00e5det har aldri vore spesielt sterk n\u00e5r det gjeld Internett, difor skal dei her &#8211; heilt gratis &#8211; f\u00e5 litt help.<\/p>\n<p><a title=\"Sluttrapport fr\u00e5 Nasjonalt r\u00e5d\" href=\"http:\/\/www.krundalen.no\/blogg\/wp-content\/uploads\/2008\/02\/2008005323_153810_o.doc\">Last ned sluttrapport fr\u00e5 Nasjonalt r\u00e5d<\/a>\u00a0(doc-format)<\/p>\n<p><a href=\"http:\/\/lokalsykehus.blogspot.com\/2008\/02\/siste-krampetrekning-fra-nasjonalt-rd.html\">Les ogs\u00e5 kommentaren til Bente \u00d8ien Hauge<\/a>\u00a0(sterkt tilr\u00e5dd!)<\/p>\n<p>Ein kommentar i kortversjon er f\u00f8lgjande: Har \u00d8ian &amp; Co verkeleg ikkje meir \u00e5 koma med??<\/p>\n","protected":false},"excerpt":{"rendered":"<p>P\u00e5l \u00d8ian i det avtroppande Nasjonalt r\u00e5d for f\u00f8dselsomsorga har i dag f\u00e5tt ein del mediedekning p\u00e5 bakgrunn av den slutt&raquo;rapporten&raquo; som kom fr\u00e5 r\u00e5det for eit par dagar sidan. R\u00e5det har aldri vore spesielt sterk n\u00e5r det gjeld Internett, &hellip; <a href=\"https:\/\/www.krundalen.no\/blogg\/sluttrapporten-til-nasjonalt-rad\/\">Les meir <span class=\"meta-nav\">&rarr;<\/span><\/a><\/p>\n","protected":false},"author":2,"featured_media":0,"comment_status":"open","ping_status":"open","sticky":false,"template":"","format":"standard","meta":{"_acf_changed":false,"footnotes":""},"categories":[21],"tags":[],"class_list":["post-232","post","type-post","status-publish","format-standard","hentry","category-politikk"],"acf":[],"_links":{"self":[{"href":"https:\/\/www.krundalen.no\/blogg\/wp-json\/wp\/v2\/posts\/232"}],"collection":[{"href":"https:\/\/www.krundalen.no\/blogg\/wp-json\/wp\/v2\/posts"}],"about":[{"href":"https:\/\/www.krundalen.no\/blogg\/wp-json\/wp\/v2\/types\/post"}],"author":[{"embeddable":true,"href":"https:\/\/www.krundalen.no\/blogg\/wp-json\/wp\/v2\/users\/2"}],"replies":[{"embeddable":true,"href":"https:\/\/www.krundalen.no\/blogg\/wp-json\/wp\/v2\/comments?post=232"}],"version-history":[{"count":1,"href":"https:\/\/www.krundalen.no\/blogg\/wp-json\/wp\/v2\/posts\/232\/revisions"}],"predecessor-version":[{"id":249,"href":"https:\/\/www.krundalen.no\/blogg\/wp-json\/wp\/v2\/posts\/232\/revisions\/249"}],"wp:attachment":[{"href":"https:\/\/www.krundalen.no\/blogg\/wp-json\/wp\/v2\/media?parent=232"}],"wp:term":[{"taxonomy":"category","embeddable":true,"href":"https:\/\/www.krundalen.no\/blogg\/wp-json\/wp\/v2\/categories?post=232"},{"taxonomy":"post_tag","embeddable":true,"href":"https:\/\/www.krundalen.no\/blogg\/wp-json\/wp\/v2\/tags?post=232"}],"curies":[{"name":"wp","href":"https:\/\/api.w.org\/{rel}","templated":true}]}}