{"id":234,"date":"2008-02-24T07:50:35","date_gmt":"2008-02-24T06:50:35","guid":{"rendered":"http:\/\/www.krundalen.no\/blogg\/?p=234"},"modified":"2008-08-10T10:39:51","modified_gmt":"2008-08-10T09:39:51","slug":"blix","status":"publish","type":"post","link":"https:\/\/www.krundalen.no\/blogg\/blix\/","title":{"rendered":"Blix"},"content":{"rendered":"<p><a title=\"Elias Blix\" href=\"http:\/\/www.krundalen.no\/blogg\/wp-content\/uploads\/2008\/02\/blix2.jpg\"><img loading=\"lazy\" decoding=\"async\" style=\"border: white 5px solid;\" title=\"Elias Blix\" src=\"http:\/\/www.krundalen.no\/blogg\/wp-content\/uploads\/2008\/02\/blix2.forhaandsvisning.jpg\" alt=\"Elias Blix\" width=\"100\" height=\"135\" align=\"left\" \/><\/a>Takk vera ungane fekk ein klokka 06.58 som vanleg <a href=\"http:\/\/www.krundalen.no\/blogg\/?p=57\">h\u00f8yra <\/a>&laquo;Gud signe v\u00e5rt dyre fedreland&raquo; p\u00e5 P1 som om det var ein heilt vanleg sundag, men det er det <em>ikkje<\/em>. I dag er det berre \u00e5 gratulera Elias Blix med 172-\u00e5rsdagen og Anders Aschim med biografien! Gjennom snart fem \u00e5r har Anders hatt blikket festa p\u00e5 denne datoen og delt arbeidet med oss alle p\u00e5 den framifr\u00e5 <a href=\"http:\/\/blixblog.blogspot.com\/\">Blix-bloggen<\/a>\u00a0sin. Nokre gl\u00f8tt i manuset undervegs har vore nok til \u00e5 sl\u00e5 fast at dette er ei av \u00e5rets store bokutgjevingar. Med salmane sine var Blix den som gjorde den viktigaste jobben med \u00e5 f\u00e5 &laquo;kristna&raquo; landsm\u00e5let.\u00a0Som kyrkjeminister i Sverdrup-regjeringa var han dessutan ein av dei sentrale bak &laquo;jamstellingsvedtaket&raquo; i Stortinget mai 1885 som gjorde nynorsk til offisielt spr\u00e5k.<\/p>\n","protected":false},"excerpt":{"rendered":"<p>Takk vera ungane fekk ein klokka 06.58 som vanleg h\u00f8yra &laquo;Gud signe v\u00e5rt dyre fedreland&raquo; p\u00e5 P1 som om det var ein heilt vanleg sundag, men det er det ikkje. I dag er det berre \u00e5 gratulera Elias Blix med &hellip; <a href=\"https:\/\/www.krundalen.no\/blogg\/blix\/\">Les meir <span class=\"meta-nav\">&rarr;<\/span><\/a><\/p>\n","protected":false},"author":2,"featured_media":0,"comment_status":"open","ping_status":"closed","sticky":false,"template":"","format":"standard","meta":{"_acf_changed":false,"footnotes":""},"categories":[19],"tags":[],"class_list":["post-234","post","type-post","status-publish","format-standard","hentry","category-sprakhistorie"],"acf":[],"_links":{"self":[{"href":"https:\/\/www.krundalen.no\/blogg\/wp-json\/wp\/v2\/posts\/234"}],"collection":[{"href":"https:\/\/www.krundalen.no\/blogg\/wp-json\/wp\/v2\/posts"}],"about":[{"href":"https:\/\/www.krundalen.no\/blogg\/wp-json\/wp\/v2\/types\/post"}],"author":[{"embeddable":true,"href":"https:\/\/www.krundalen.no\/blogg\/wp-json\/wp\/v2\/users\/2"}],"replies":[{"embeddable":true,"href":"https:\/\/www.krundalen.no\/blogg\/wp-json\/wp\/v2\/comments?post=234"}],"version-history":[{"count":3,"href":"https:\/\/www.krundalen.no\/blogg\/wp-json\/wp\/v2\/posts\/234\/revisions"}],"predecessor-version":[{"id":363,"href":"https:\/\/www.krundalen.no\/blogg\/wp-json\/wp\/v2\/posts\/234\/revisions\/363"}],"wp:attachment":[{"href":"https:\/\/www.krundalen.no\/blogg\/wp-json\/wp\/v2\/media?parent=234"}],"wp:term":[{"taxonomy":"category","embeddable":true,"href":"https:\/\/www.krundalen.no\/blogg\/wp-json\/wp\/v2\/categories?post=234"},{"taxonomy":"post_tag","embeddable":true,"href":"https:\/\/www.krundalen.no\/blogg\/wp-json\/wp\/v2\/tags?post=234"}],"curies":[{"name":"wp","href":"https:\/\/api.w.org\/{rel}","templated":true}]}}