{"id":307,"date":"2008-08-02T20:27:26","date_gmt":"2008-08-02T19:27:26","guid":{"rendered":"http:\/\/www.krundalen.no\/blogg\/?p=307"},"modified":"2008-08-02T20:38:48","modified_gmt":"2008-08-02T19:38:48","slug":"sol-og-sommar","status":"publish","type":"post","link":"https:\/\/www.krundalen.no\/blogg\/sol-og-sommar\/","title":{"rendered":"Sol og sommar"},"content":{"rendered":"<p>Livet har g\u00e5tt sin gang sj\u00f8lv om bloggen har st\u00e5tt stille ei stund. I dag kom regnet etter tre uhorveleg fine veker, og m\u00e5ndag er ferien slutt. Mange turar og fem st\u00f8lstrimpostar p\u00e5 ungane s\u00e5 langt, toppa med Hytta p\u00e5 Mannen onsdag.<\/p>\n<p><a href=\"http:\/\/www.krundalen.no\/blogg\/wp-content\/uploads\/2008\/08\/2008-07-29_0038.jpg\"><img loading=\"lazy\" decoding=\"async\" class=\"alignleft size-full wp-image-308\" title=\"Hytta p\u00e5 Mannen 29\/7\" src=\"http:\/\/www.krundalen.no\/blogg\/wp-content\/uploads\/2008\/08\/2008-07-29_0038.jpg\" alt=\"\" width=\"360\" height=\"480\" srcset=\"https:\/\/www.krundalen.no\/blogg\/wp-content\/uploads\/2008\/08\/2008-07-29_0038.jpg 360w, https:\/\/www.krundalen.no\/blogg\/wp-content\/uploads\/2008\/08\/2008-07-29_0038-225x300.jpg 225w\" sizes=\"(max-width: 360px) 100vw, 360px\" \/><\/a><\/p>\n","protected":false},"excerpt":{"rendered":"<p>Livet har g\u00e5tt sin gang sj\u00f8lv om bloggen har st\u00e5tt stille ei stund. I dag kom regnet etter tre uhorveleg fine veker, og m\u00e5ndag er ferien slutt. Mange turar og fem st\u00f8lstrimpostar p\u00e5 ungane s\u00e5 langt, toppa med Hytta p\u00e5 &hellip; <a href=\"https:\/\/www.krundalen.no\/blogg\/sol-og-sommar\/\">Les meir <span class=\"meta-nav\">&rarr;<\/span><\/a><\/p>\n","protected":false},"author":2,"featured_media":0,"comment_status":"open","ping_status":"open","sticky":false,"template":"","format":"standard","meta":{"_acf_changed":false,"footnotes":""},"categories":[24],"tags":[],"class_list":["post-307","post","type-post","status-publish","format-standard","hentry","category-pa-tur"],"acf":[],"_links":{"self":[{"href":"https:\/\/www.krundalen.no\/blogg\/wp-json\/wp\/v2\/posts\/307"}],"collection":[{"href":"https:\/\/www.krundalen.no\/blogg\/wp-json\/wp\/v2\/posts"}],"about":[{"href":"https:\/\/www.krundalen.no\/blogg\/wp-json\/wp\/v2\/types\/post"}],"author":[{"embeddable":true,"href":"https:\/\/www.krundalen.no\/blogg\/wp-json\/wp\/v2\/users\/2"}],"replies":[{"embeddable":true,"href":"https:\/\/www.krundalen.no\/blogg\/wp-json\/wp\/v2\/comments?post=307"}],"version-history":[{"count":2,"href":"https:\/\/www.krundalen.no\/blogg\/wp-json\/wp\/v2\/posts\/307\/revisions"}],"predecessor-version":[{"id":310,"href":"https:\/\/www.krundalen.no\/blogg\/wp-json\/wp\/v2\/posts\/307\/revisions\/310"}],"wp:attachment":[{"href":"https:\/\/www.krundalen.no\/blogg\/wp-json\/wp\/v2\/media?parent=307"}],"wp:term":[{"taxonomy":"category","embeddable":true,"href":"https:\/\/www.krundalen.no\/blogg\/wp-json\/wp\/v2\/categories?post=307"},{"taxonomy":"post_tag","embeddable":true,"href":"https:\/\/www.krundalen.no\/blogg\/wp-json\/wp\/v2\/tags?post=307"}],"curies":[{"name":"wp","href":"https:\/\/api.w.org\/{rel}","templated":true}]}}