{"id":453,"date":"2008-11-08T15:43:09","date_gmt":"2008-11-08T13:43:09","guid":{"rendered":"http:\/\/www.krundalen.no\/blogg\/?p=453"},"modified":"2008-11-08T15:43:09","modified_gmt":"2008-11-08T13:43:09","slug":"fyrtiande-f%c3%b8dedagen","status":"publish","type":"post","link":"https:\/\/www.krundalen.no\/blogg\/fyrtiande-f%c3%b8dedagen\/","title":{"rendered":"Fyrtiande f\u00f8dedagen"},"content":{"rendered":"<p>Om nokon er i tvil: F\u00f8rti\u00e5rskrisa har ikkje meldt seg enno. Men det gjeld \u00e5 bu seg, sidan det i dag er like lenge sidan eg fylte 18 til eg kan g\u00e5 av med AFP (om det framleis finst).\u00a0Obligatorisk lesestoff er d\u00e5 det store f\u00f8rti\u00e5rskrisediktet i norsk litteratur, for ikkje \u00e5 seia verdslitteraturen: &laquo;Fyrtiande f\u00f8dedagen&raquo; som Aasen skreiv for skrivebordsskuffen i 1853. Stakkars mann. \u00c5tvaring: Det er langt!<\/p>\n<p>FYRTIANDE F\u00d8DEDAGEN.<\/p>\n<p><!--more-->Her er ein h\u00f8velag Kvilestad,<br \/>\nher ser du langt tilbaka.<br \/>\nPr\u00f8v no, um du kann vera glad,<br \/>\nog nokon Hugnad smaka.<br \/>\nRekna no ut, kor lengje d\u2019er<br \/>\ndu heve voret paa Vegen,<br \/>\nsjaa so, kor langt du komen er,<br \/>\nog kjenn, um du verder fegen.<\/p>\n<p>D\u2019er lengje sidan du foor til Fjells<br \/>\nog gjekk yver fyrste Bakken;<br \/>\nno ser du alt, dat lid til Kvelds,<br \/>\nog so f\u00e6r du Natti paa Nakken;<br \/>\nNatti kjem, og Foten er tr\u00f8ytt,<br \/>\nog inkje er Hus paa Heidi;<br \/>\nbeste Tidi heve du \u00f8ydt,<br \/>\nalt fyrr du kom midt paa Leidi.<\/p>\n<p>Aa, alle dei Timar du heve spilt,<br \/>\ndei koma deg tungt aa trykkja.<br \/>\nSo gjeng dat til, naar ein styrer vilt<br \/>\nOg vinglar i Krok og Lykkja;<br \/>\nTidi ho gjeng sin jamne Gang,<br \/>\num Mannen s\u00f8v elder vaker;<br \/>\nho spyrr inkje, um den Stund er lang,<br \/>\nsom tarvst til dine Sakjer.<\/p>\n<p>Skal dat no vera fyrti Aar,<br \/>\nfraa di du kom til Verdi,<br \/>\nso er dan Saki alt for klaar:<br \/>\ndu foor inkje rette Ferdi.<br \/>\nTidi er tapt, og dat er vist,<br \/>\nho kjem inkje atter, des verre.<br \/>\nJa, tie Aar maa du hava mist<br \/>\nog helder fleire en f\u00e6rre.<\/p>\n<p>Tenk deg ein Ungersvein, som vardt<br \/>\ni Berget teken og trollad,<br \/>\nsungen i S\u00f8mn og bunden hardt,<br \/>\ndar Tussarne song og sollad!<br \/>\nOg naar so Trollskapen gjekk av,<br \/>\nog Sovaren hadde vaknat,<br \/>\ndaa var han gamall og gjekk med Stav,<br \/>\nog myket hadde han saknat.<\/p>\n<p>Tenk deg, at S\u00f8mnen var helder sn\u00e6v,<br \/>\nog Vokstren var helder langer,<br \/>\nat Fangen eldest i Strit og Str\u00e6v<br \/>\nog myket Harm og Anger.<br \/>\nOg naar so Fangen ut var slept<br \/>\nog skulde s\u00f8kja si Lukka,<br \/>\ndaa var kvar ein Glugge tept,<br \/>\nog kvar ein Blom var plukkad.<\/p>\n<p>Du ser so mange rundt ikring,<br \/>\nlangt meir en tie Aar yngre,<br \/>\nsom hava sankat seg st\u00f8rre Ting,<br \/>\nmen aldri str\u00e6vat tyngre.<br \/>\nDei gingo fram, daa du stod fast,<br \/>\ndei gingo paa beine Vegar,<br \/>\ndifyre komo dei fram i Hast,<br \/>\nog du stend atter og tregar.<\/p>\n<p>Av alt du kravlad og kraup ikring,<br \/>\nso er du \u2018kje lenger komen,<br \/>\nen daa du gjorde din fyrste Sving<br \/>\nog steig uppaa Bakketromen.<br \/>\nEndaa er du \u2018kje vorden Mann,<br \/>\nendaa gjeng du i L\u00e6ra,<br \/>\nendaa vel knapt du tala kann<br \/>\nog liva med Folk med \u00c6ra.<\/p>\n<p>Sjaa dine Grannar og l\u00e6r av deim,<br \/>\ndei hava seg betre hagat:<br \/>\nalle so hava dei Hus og Heim<br \/>\nog alt etter Hugen lagat.<br \/>\nDu l\u00e6ter framande reida deg Bol<br \/>\nog segja deg, naar du skal byta.<br \/>\nDu lyter sitja paa annan Manns Stol<br \/>\nog eta or annan Manns Gryta.<\/p>\n<p>Sjaa dine Grannar i Pynt og Pryd:<br \/>\ndei reika so bratte paa Vegen,<br \/>\nalle so hava dei seg ein Lyd,<br \/>\nsom fylgjer deim fus og fegen.<br \/>\nKvat heve du, din arme Kryp?<br \/>\nKven bryr seg um din Skade?<br \/>\nAnten du stender, eller du styp,<br \/>\ner alle lika glade.<\/p>\n<p>Kvar vardt alle dei Draumar av,<br \/>\ndei, som du gjekk med so lengje?<br \/>\nKvar vil du leggja din Gangestav<br \/>\nog kvila deg etter ditt Gjengje?<br \/>\nAlt er du tr\u00f8ytt, du kjenner ein Kjeim<br \/>\nav Aldren i Mod og Minne:<br \/>\nsjaa no til, um du heve ein Heim,<br \/>\nog um dar er nokon inne.<\/p>\n<p>Kvar vardt av dat vene Hus,<br \/>\ndu skulde lata deg byggja?<br \/>\ndit skuld\u2019 du ganga so glad og fus,<br \/>\nog dar skulde alle seg hyggja.<br \/>\nKvar vardt dan vene Hagen av<br \/>\nmed alle dei Tre og Runnar,<br \/>\nalle dei Blomar, som Vaaren gav,<br \/>\nog alle dei gr\u00f8ne Grunnar?<\/p>\n<p>Kvar er dan vene Drosi v\u00e6l,<br \/>\nsom skulde med deg r\u00f8da,<br \/>\ngjera deg alltid glad og s\u00e6l<br \/>\nog s\u00f8ta deg all di M\u00f8da?<br \/>\nJau men, vardt dat v\u00e6l nokot av<br \/>\nmed alle dei vene Draumar!<br \/>\nGakk, Far, og styd deg paa din Stav,<br \/>\nd\u2019er ingen, som etter deg gaumar.<\/p>\n<p>Gakk so langt, som du kann og vil,<br \/>\nd\u2019er ingen, som veit dine Vegar;<br \/>\num du verd ute ein Time til,<br \/>\nd\u2019er ingen, som etter deg fregar.<br \/>\nUm du skal vaka Natt etter Natt<br \/>\ni Sorg og tunge Tankar,<br \/>\nso er heile Huset lika gladt,<br \/>\nog ingen h\u00f8yrer du bankar.<\/p>\n<p>Elskhugen er dan venaste Urt,<br \/>\nsom veks fyre Manna-Sonom,<br \/>\ndan Mann heve kastat Livet burt,<br \/>\nsom inkje fekk Deild i honom.<br \/>\nElsken vil inkje til Aldren inn,<br \/>\nhan held seg til Ungdoms-Aari,<br \/>\nhan flyr fyre gamalt, rukkut Kinn,<br \/>\nhan flyr fyre fallande Haari.<\/p>\n<p>No kann du alltid sjaa din Dom<br \/>\npaa alle dei Droser bjarta.<br \/>\nPaa dine Vegar veks ingen Blom,<br \/>\nfyre deg sl\u00e6r inkje Hjarta!<br \/>\nSjaa dei paa andre, so sjaa dei blidt,<br \/>\nso Augo blenkja og skina;<br \/>\nmen sjaa dei paa deg, er dat inkje fritt,<br \/>\ndei kvessa Augo og grina.<\/p>\n<p>No kann du freista, ifall du vinn<br \/>\naa setja deg upp ei Stova,<br \/>\ndar kjem inkje myki Moro inn,<br \/>\naa, s\u00e6l var dan som fekk sova.<br \/>\nNo kann du setja dei fine Tre,<br \/>\nsom skulde standa kring Huset,<br \/>\ndei vil inkje naa so h\u00f8gt som til Kne<br \/>\nog kanskje knapt upp or Gruset.<\/p>\n<p>Gjer deg no berre ingi Von,<br \/>\ndu veit, kor Vonerna fara;<br \/>\ndei fata og slokna so fort som Ljon,<br \/>\nog Ljoset vil aldri vara.<br \/>\nTr\u00f8yst deg med, at mangein Mann<br \/>\nkom inkje Maalet n\u00e6rre,<br \/>\nog mangein Mann vil klaga, at han<br \/>\nheve faret endaa verre!<\/p>\n<p>(Her etter <em>Skrifter i Samling<\/em>, bd. 1, 1911.)<\/p>\n","protected":false},"excerpt":{"rendered":"<p>Om nokon er i tvil: F\u00f8rti\u00e5rskrisa har ikkje meldt seg enno. Men det gjeld \u00e5 bu seg, sidan det i dag er like lenge sidan eg fylte 18 til eg kan g\u00e5 av med AFP (om det framleis finst).\u00a0Obligatorisk lesestoff &hellip; <a href=\"https:\/\/www.krundalen.no\/blogg\/fyrtiande-f%c3%b8dedagen\/\">Les meir <span class=\"meta-nav\">&rarr;<\/span><\/a><\/p>\n","protected":false},"author":2,"featured_media":0,"comment_status":"open","ping_status":"open","sticky":false,"template":"","format":"standard","meta":{"_acf_changed":false,"footnotes":""},"categories":[22],"tags":[],"class_list":["post-453","post","type-post","status-publish","format-standard","hentry","category-heimeliv"],"acf":[],"_links":{"self":[{"href":"https:\/\/www.krundalen.no\/blogg\/wp-json\/wp\/v2\/posts\/453"}],"collection":[{"href":"https:\/\/www.krundalen.no\/blogg\/wp-json\/wp\/v2\/posts"}],"about":[{"href":"https:\/\/www.krundalen.no\/blogg\/wp-json\/wp\/v2\/types\/post"}],"author":[{"embeddable":true,"href":"https:\/\/www.krundalen.no\/blogg\/wp-json\/wp\/v2\/users\/2"}],"replies":[{"embeddable":true,"href":"https:\/\/www.krundalen.no\/blogg\/wp-json\/wp\/v2\/comments?post=453"}],"version-history":[{"count":3,"href":"https:\/\/www.krundalen.no\/blogg\/wp-json\/wp\/v2\/posts\/453\/revisions"}],"predecessor-version":[{"id":456,"href":"https:\/\/www.krundalen.no\/blogg\/wp-json\/wp\/v2\/posts\/453\/revisions\/456"}],"wp:attachment":[{"href":"https:\/\/www.krundalen.no\/blogg\/wp-json\/wp\/v2\/media?parent=453"}],"wp:term":[{"taxonomy":"category","embeddable":true,"href":"https:\/\/www.krundalen.no\/blogg\/wp-json\/wp\/v2\/categories?post=453"},{"taxonomy":"post_tag","embeddable":true,"href":"https:\/\/www.krundalen.no\/blogg\/wp-json\/wp\/v2\/tags?post=453"}],"curies":[{"name":"wp","href":"https:\/\/api.w.org\/{rel}","templated":true}]}}