{"id":498,"date":"2009-04-03T21:16:50","date_gmt":"2009-04-03T20:16:50","guid":{"rendered":"http:\/\/www.krundalen.no\/blogg\/?p=498"},"modified":"2009-04-03T21:19:27","modified_gmt":"2009-04-03T20:19:27","slug":"ekspertkommentarar","status":"publish","type":"post","link":"https:\/\/www.krundalen.no\/blogg\/ekspertkommentarar\/","title":{"rendered":"Ekspertkommentarar"},"content":{"rendered":"<p>Dei fyrste spede kommentarane til Avhandlinga er alt noterte. I dag var me alle p\u00e5 forseinka 89-\u00e5rsdag i Luster, 20 meter bak minnesteinen over Henrik Angell (omtala p\u00e5 side 238, 240-241, 245, 252, 261, 272-273, 275, 277, 381-383, 386, 392, 435 og 439-440). Der finn me den h\u00f8gaste nolevande kompetansen p\u00e5 slit i storfamilien, og verket vart presentert.<\/p>\n<p>Ho: &#8211; Oohhfff. Eg vert kvalm n\u00e5r eg tenkje&raquo; p\u00e5 det.<\/p>\n<p>Han: &#8211; Har du skrive alt ditta?<br \/>\n&#8211; Ja&#8230;<br \/>\n&#8211; Fy faen! Du f\u00e5r vel meir l\u00f8n no?<\/p>\n<p>\u00a0<a href=\"http:\/\/www.krundalen.no\/blogg\/wp-content\/uploads\/2009\/04\/angellbauta.jpg\"><img loading=\"lazy\" decoding=\"async\" class=\"align=left size-thumbnail wp-image-499\" title=\"angellbauta\" src=\"http:\/\/www.krundalen.no\/blogg\/wp-content\/uploads\/2009\/04\/angellbauta-150x150.jpg\" alt=\"angellbauta\" width=\"150\" height=\"150\" \/><\/a><\/p>\n","protected":false},"excerpt":{"rendered":"<p>Dei fyrste spede kommentarane til Avhandlinga er alt noterte. I dag var me alle p\u00e5 forseinka 89-\u00e5rsdag i Luster, 20 meter bak minnesteinen over Henrik Angell (omtala p\u00e5 side 238, 240-241, 245, 252, 261, 272-273, 275, 277, 381-383, 386, 392, &hellip; <a href=\"https:\/\/www.krundalen.no\/blogg\/ekspertkommentarar\/\">Les meir <span class=\"meta-nav\">&rarr;<\/span><\/a><\/p>\n","protected":false},"author":2,"featured_media":0,"comment_status":"open","ping_status":"open","sticky":false,"template":"","format":"standard","meta":{"_acf_changed":false,"footnotes":""},"categories":[18,19],"tags":[],"class_list":["post-498","post","type-post","status-publish","format-standard","hentry","category-historie","category-sprakhistorie"],"acf":[],"_links":{"self":[{"href":"https:\/\/www.krundalen.no\/blogg\/wp-json\/wp\/v2\/posts\/498"}],"collection":[{"href":"https:\/\/www.krundalen.no\/blogg\/wp-json\/wp\/v2\/posts"}],"about":[{"href":"https:\/\/www.krundalen.no\/blogg\/wp-json\/wp\/v2\/types\/post"}],"author":[{"embeddable":true,"href":"https:\/\/www.krundalen.no\/blogg\/wp-json\/wp\/v2\/users\/2"}],"replies":[{"embeddable":true,"href":"https:\/\/www.krundalen.no\/blogg\/wp-json\/wp\/v2\/comments?post=498"}],"version-history":[{"count":4,"href":"https:\/\/www.krundalen.no\/blogg\/wp-json\/wp\/v2\/posts\/498\/revisions"}],"predecessor-version":[{"id":503,"href":"https:\/\/www.krundalen.no\/blogg\/wp-json\/wp\/v2\/posts\/498\/revisions\/503"}],"wp:attachment":[{"href":"https:\/\/www.krundalen.no\/blogg\/wp-json\/wp\/v2\/media?parent=498"}],"wp:term":[{"taxonomy":"category","embeddable":true,"href":"https:\/\/www.krundalen.no\/blogg\/wp-json\/wp\/v2\/categories?post=498"},{"taxonomy":"post_tag","embeddable":true,"href":"https:\/\/www.krundalen.no\/blogg\/wp-json\/wp\/v2\/tags?post=498"}],"curies":[{"name":"wp","href":"https:\/\/api.w.org\/{rel}","templated":true}]}}