{"id":50,"date":"2007-04-17T23:25:42","date_gmt":"2007-04-17T21:25:42","guid":{"rendered":"http:\/\/www.krundalen.no\/blogg\/?p=50"},"modified":"2008-08-02T16:51:16","modified_gmt":"2008-08-02T15:51:16","slug":"bamsefar-pa-veg","status":"publish","type":"post","link":"https:\/\/www.krundalen.no\/blogg\/bamsefar-pa-veg\/","title":{"rendered":"Bamsefar p\u00e5 veg?"},"content":{"rendered":"<p><img decoding=\"async\" title=\"Bamsefar\" src=\"http:\/\/www.krundalen.no\/blogg\/wp-content\/uploads\/2007\/04\/bamsefar.forhaandsvisning.jpg\" alt=\"Bamsefar\" align=\"right\" \/>Det er meldt fr\u00e5 Skj\u00e5k at den\u00a0kj\u00e6re bamsen v\u00e5r fr\u00e5 i fjor sommar\u00a0er ute av hiet, men har han f\u00e5tt nye diet, for \u00e5 bruka det verste\u00a0rimet\u00a0p\u00e5skerevyen kunne by p\u00e5 i \u00e5r? Neppe. Eit oppslag i Kristiansund-avisa <a href=\"http:\/\/www.tk.no\/nyheter\/article2709722.ece\">Tidens Krav 12. april<\/a> g\u00e5r n\u00e6rare inn p\u00e5 bj\u00f8rnen v\u00e5r etter at Direktoratet fr\u00e5 naturforvaltning to dagar f\u00f8r presenterte resultata fr\u00e5 den store bj\u00f8rnegranskinga si.<\/p>\n<p><!--more-->Eg som har halve slekta mi fr\u00e5 Oppdal, kan konstatera at den fyrste DNA-pr\u00f8va av bj\u00f8rnen stamma derifr\u00e5 (2005). I 2004 herja han i saueflokkene i Sunndal og Oppdal. I 2005 heldt han seg i Lesja og Lom og har no to overvintringar i Skj\u00e5k bak seg. I fjor var han som kjent i Sogn og Fjordane, ikkje minst Jostedalen, og som turist m\u00e5 han seiast \u00e5 vera\u00a0eit f\u00f8rebilete: Han n\u00f8ydde seg ikkje med ein dagstur, men heldt seg her over lengre tid, og han sette stor pris p\u00e5 lokal mat.<\/p>\n<p>Tidens krav har summert og funne ut at denne bamsen har 519 <em>dokumenterte <\/em>s\u00f8yer og lam p\u00e5 samvitet gjennom desse tre \u00e5ra. Kjenner me Direktoratet for naturforvaltning rett, vankar det neppe fellingsl\u00f8yve f\u00f8r ein er heilt sikker p\u00e5 at all sporsn\u00f8 er vekke. S\u00e5 me satsar p\u00e5 ein ny actionfylt sommar og tingar fyrst som sist det splitter nye informasjonstilfanget fr\u00e5 Norsk institutt for naturforsking, <a href=\"http:\/\/www.nina.no\/?io=1001553\">&laquo;Leve med bj\u00f8rn&raquo;<\/a>.<\/p>\n","protected":false},"excerpt":{"rendered":"<p>Det er meldt fr\u00e5 Skj\u00e5k at den\u00a0kj\u00e6re bamsen v\u00e5r fr\u00e5 i fjor sommar\u00a0er ute av hiet, men har han f\u00e5tt nye diet, for \u00e5 bruka det verste\u00a0rimet\u00a0p\u00e5skerevyen kunne by p\u00e5 i \u00e5r? Neppe. Eit oppslag i Kristiansund-avisa Tidens Krav 12. &hellip; <a href=\"https:\/\/www.krundalen.no\/blogg\/bamsefar-pa-veg\/\">Les meir <span class=\"meta-nav\">&rarr;<\/span><\/a><\/p>\n","protected":false},"author":2,"featured_media":0,"comment_status":"open","ping_status":"open","sticky":false,"template":"","format":"standard","meta":{"_acf_changed":false,"footnotes":""},"categories":[23],"tags":[],"class_list":["post-50","post","type-post","status-publish","format-standard","hentry","category-jostedalen"],"acf":[],"_links":{"self":[{"href":"https:\/\/www.krundalen.no\/blogg\/wp-json\/wp\/v2\/posts\/50"}],"collection":[{"href":"https:\/\/www.krundalen.no\/blogg\/wp-json\/wp\/v2\/posts"}],"about":[{"href":"https:\/\/www.krundalen.no\/blogg\/wp-json\/wp\/v2\/types\/post"}],"author":[{"embeddable":true,"href":"https:\/\/www.krundalen.no\/blogg\/wp-json\/wp\/v2\/users\/2"}],"replies":[{"embeddable":true,"href":"https:\/\/www.krundalen.no\/blogg\/wp-json\/wp\/v2\/comments?post=50"}],"version-history":[{"count":1,"href":"https:\/\/www.krundalen.no\/blogg\/wp-json\/wp\/v2\/posts\/50\/revisions"}],"predecessor-version":[{"id":299,"href":"https:\/\/www.krundalen.no\/blogg\/wp-json\/wp\/v2\/posts\/50\/revisions\/299"}],"wp:attachment":[{"href":"https:\/\/www.krundalen.no\/blogg\/wp-json\/wp\/v2\/media?parent=50"}],"wp:term":[{"taxonomy":"category","embeddable":true,"href":"https:\/\/www.krundalen.no\/blogg\/wp-json\/wp\/v2\/categories?post=50"},{"taxonomy":"post_tag","embeddable":true,"href":"https:\/\/www.krundalen.no\/blogg\/wp-json\/wp\/v2\/tags?post=50"}],"curies":[{"name":"wp","href":"https:\/\/api.w.org\/{rel}","templated":true}]}}