{"id":511,"date":"2009-07-30T09:51:08","date_gmt":"2009-07-30T07:51:08","guid":{"rendered":"http:\/\/www.krundalen.no\/blogg\/?p=511"},"modified":"2009-07-30T09:51:08","modified_gmt":"2009-07-30T07:51:08","slug":"vestsida-vigd%c3%b8la","status":"publish","type":"post","link":"https:\/\/www.krundalen.no\/blogg\/vestsida-vigd%c3%b8la\/","title":{"rendered":"Vestsida-Vigd\u00f8la"},"content":{"rendered":"<p>Vasskraft er sj\u00f8lvsagt flotte greier, men det er rennande elvar \u00f2g.\u00a0Jostedalen burde ha godt nok samvit for lenge sidan (1,3 TWh\/\u00e5r) n\u00e5r det gjeld \u00e5 forsyne verda med fornybar energi. F\u00e5r Statkraft konsesjon til \u00e5 byggje ut dei \u00e5tte vestsideelvane fr\u00e5 Myklemyr til Krundalen, vil ein knapt kunne sj\u00e5 ei ur\u00f8rt elv fr\u00e5 dei busette omr\u00e5da i bygda. I Krundalen vil R\u00f8ykjad\u00f8la og Tverrad\u00f8la g\u00e5 med i dragsuget med bekkeinntak p\u00e5 520-540 meter. Statkraft sende i juni melding til NVE om prosjektet, og no er <strong>underskriftsaksjonen<\/strong> mot utbygginga i gang, sj\u00e5 <a href=\"http:\/\/vestsida-vigd\u00f8la.no\">Vestsida-Vigd\u00f8la.no<\/a>.<\/p>\n","protected":false},"excerpt":{"rendered":"<p>Vasskraft er sj\u00f8lvsagt flotte greier, men det er rennande elvar \u00f2g.\u00a0Jostedalen burde ha godt nok samvit for lenge sidan (1,3 TWh\/\u00e5r) n\u00e5r det gjeld \u00e5 forsyne verda med fornybar energi. F\u00e5r Statkraft konsesjon til \u00e5 byggje ut dei \u00e5tte vestsideelvane &hellip; <a href=\"https:\/\/www.krundalen.no\/blogg\/vestsida-vigd%c3%b8la\/\">Les meir <span class=\"meta-nav\">&rarr;<\/span><\/a><\/p>\n","protected":false},"author":2,"featured_media":0,"comment_status":"open","ping_status":"open","sticky":false,"template":"","format":"standard","meta":{"_acf_changed":false,"footnotes":""},"categories":[21],"tags":[],"class_list":["post-511","post","type-post","status-publish","format-standard","hentry","category-politikk"],"acf":[],"_links":{"self":[{"href":"https:\/\/www.krundalen.no\/blogg\/wp-json\/wp\/v2\/posts\/511"}],"collection":[{"href":"https:\/\/www.krundalen.no\/blogg\/wp-json\/wp\/v2\/posts"}],"about":[{"href":"https:\/\/www.krundalen.no\/blogg\/wp-json\/wp\/v2\/types\/post"}],"author":[{"embeddable":true,"href":"https:\/\/www.krundalen.no\/blogg\/wp-json\/wp\/v2\/users\/2"}],"replies":[{"embeddable":true,"href":"https:\/\/www.krundalen.no\/blogg\/wp-json\/wp\/v2\/comments?post=511"}],"version-history":[{"count":1,"href":"https:\/\/www.krundalen.no\/blogg\/wp-json\/wp\/v2\/posts\/511\/revisions"}],"predecessor-version":[{"id":513,"href":"https:\/\/www.krundalen.no\/blogg\/wp-json\/wp\/v2\/posts\/511\/revisions\/513"}],"wp:attachment":[{"href":"https:\/\/www.krundalen.no\/blogg\/wp-json\/wp\/v2\/media?parent=511"}],"wp:term":[{"taxonomy":"category","embeddable":true,"href":"https:\/\/www.krundalen.no\/blogg\/wp-json\/wp\/v2\/categories?post=511"},{"taxonomy":"post_tag","embeddable":true,"href":"https:\/\/www.krundalen.no\/blogg\/wp-json\/wp\/v2\/tags?post=511"}],"curies":[{"name":"wp","href":"https:\/\/api.w.org\/{rel}","templated":true}]}}