{"id":514,"date":"2009-08-07T18:04:21","date_gmt":"2009-08-07T16:04:21","guid":{"rendered":"http:\/\/www.krundalen.no\/blogg\/?p=514"},"modified":"2009-08-07T18:08:32","modified_gmt":"2009-08-07T16:08:32","slug":"demo-i-krundalen","status":"publish","type":"post","link":"https:\/\/www.krundalen.no\/blogg\/demo-i-krundalen\/","title":{"rendered":"Demo i Krundalen"},"content":{"rendered":"<p><a href=\"http:\/\/www.krundalen.no\/blogg\/wp-content\/uploads\/2009\/08\/krundalsaksjonist1.jpg\"><\/a>Det er ikkje kvart ti\u00e5r krund\u00f8lene held punktdemonstrasjonar, men p\u00e5 eit vis var det vel <a href=\"http:\/\/vestsida-vigd\u00f8la.no\/\">det me hadde p\u00e5 Grov i g\u00e5r<\/a>. Dei me demonstrerte mot, visste ikkje om det, og media var heller ikkje der, om ein d\u00e5 ser bort fr\u00e5 onkelen til han i framgrunnen. Men med litt flaks kjem me i avisa likevel.<\/p>\n<p><a href=\"http:\/\/www.krundalen.no\/blogg\/wp-content\/uploads\/2009\/08\/krundalsaksjonist1.jpg\"><img loading=\"lazy\" decoding=\"async\" class=\"size-thumbnail wp-image-517 align=&quot;left&quot;\" title=\"Krundalsaksjonist i farta (foto: Bj\u00f8rnar Bj\u00f8rhusdal\" src=\"http:\/\/www.krundalen.no\/blogg\/wp-content\/uploads\/2009\/08\/krundalsaksjonist1-150x225.jpg\" alt=\"Krundalsaksjonist i farta (foto: Bj\u00f8rnar Bj\u00f8rhusdal\" width=\"150\" height=\"225\" srcset=\"https:\/\/www.krundalen.no\/blogg\/wp-content\/uploads\/2009\/08\/krundalsaksjonist1-150x225.jpg 150w, https:\/\/www.krundalen.no\/blogg\/wp-content\/uploads\/2009\/08\/krundalsaksjonist1-300x451.jpg 300w, https:\/\/www.krundalen.no\/blogg\/wp-content\/uploads\/2009\/08\/krundalsaksjonist1.jpg 680w\" sizes=\"(max-width: 150px) 100vw, 150px\" \/><\/a><\/p>\n","protected":false},"excerpt":{"rendered":"<p>Det er ikkje kvart ti\u00e5r krund\u00f8lene held punktdemonstrasjonar, men p\u00e5 eit vis var det vel det me hadde p\u00e5 Grov i g\u00e5r. Dei me demonstrerte mot, visste ikkje om det, og media var heller ikkje der, om ein d\u00e5 ser &hellip; <a href=\"https:\/\/www.krundalen.no\/blogg\/demo-i-krundalen\/\">Les meir <span class=\"meta-nav\">&rarr;<\/span><\/a><\/p>\n","protected":false},"author":2,"featured_media":0,"comment_status":"open","ping_status":"open","sticky":false,"template":"","format":"standard","meta":{"_acf_changed":false,"footnotes":""},"categories":[21],"tags":[],"class_list":["post-514","post","type-post","status-publish","format-standard","hentry","category-politikk"],"acf":[],"_links":{"self":[{"href":"https:\/\/www.krundalen.no\/blogg\/wp-json\/wp\/v2\/posts\/514"}],"collection":[{"href":"https:\/\/www.krundalen.no\/blogg\/wp-json\/wp\/v2\/posts"}],"about":[{"href":"https:\/\/www.krundalen.no\/blogg\/wp-json\/wp\/v2\/types\/post"}],"author":[{"embeddable":true,"href":"https:\/\/www.krundalen.no\/blogg\/wp-json\/wp\/v2\/users\/2"}],"replies":[{"embeddable":true,"href":"https:\/\/www.krundalen.no\/blogg\/wp-json\/wp\/v2\/comments?post=514"}],"version-history":[{"count":6,"href":"https:\/\/www.krundalen.no\/blogg\/wp-json\/wp\/v2\/posts\/514\/revisions"}],"predecessor-version":[{"id":522,"href":"https:\/\/www.krundalen.no\/blogg\/wp-json\/wp\/v2\/posts\/514\/revisions\/522"}],"wp:attachment":[{"href":"https:\/\/www.krundalen.no\/blogg\/wp-json\/wp\/v2\/media?parent=514"}],"wp:term":[{"taxonomy":"category","embeddable":true,"href":"https:\/\/www.krundalen.no\/blogg\/wp-json\/wp\/v2\/categories?post=514"},{"taxonomy":"post_tag","embeddable":true,"href":"https:\/\/www.krundalen.no\/blogg\/wp-json\/wp\/v2\/tags?post=514"}],"curies":[{"name":"wp","href":"https:\/\/api.w.org\/{rel}","templated":true}]}}