{"id":57,"date":"2007-04-22T07:02:39","date_gmt":"2007-04-22T05:02:39","guid":{"rendered":"http:\/\/www.krundalen.no\/blogg\/?p=57"},"modified":"2008-08-02T16:49:20","modified_gmt":"2008-08-02T15:49:20","slug":"blix-pa-sundag","status":"publish","type":"post","link":"https:\/\/www.krundalen.no\/blogg\/blix-pa-sundag\/","title":{"rendered":"Blix p\u00e5 sundag"},"content":{"rendered":"<p><a title=\"dscf1987.JPG\" href=\"http:\/\/www.krundalen.no\/blogg\/wp-content\/uploads\/2007\/04\/dscf1987.JPG\"><\/a>Tidlegare i livet h\u00f8yrde eg eit rykte om at NRK P1 i lange tider har spela\u00a0Blix&raquo; store fedrelandssalme,\u00a0&laquo;Gud signe v\u00e5rt dyre fedreland&raquo;, rett f\u00f8r kl 7 som opning p\u00e5 sundagen. Etter at eg\u00a0fekk ungar, ikkje minst denne karen her (foto kl 06.25 i dag),<\/p>\n<p><a title=\"oyvind.JPG\" href=\"http:\/\/www.krundalen.no\/blogg\/wp-content\/uploads\/2007\/04\/oyvind.JPG\"><img decoding=\"async\" src=\"http:\/\/www.krundalen.no\/blogg\/wp-content\/uploads\/2007\/04\/oyvind.forhaandsvisning.JPG\" alt=\"oyvind.JPG\" \/><\/a><\/p>\n<p>har eg f\u00e5tt stadfesta at det er sant.\u00a0I denne augneblinken tonar Blix utover stova, slik han no gjer p\u00e5 Haugamyrane kvar sundagsmorgon.<\/p>\n<p>Elias Blix har elles lenge vore bloggar, sj\u00e5 <a href=\"http:\/\/blixblog.blogspot.com\/\">BlixBlog<\/a>.\u00a0N\u00e5r Anders Aschim kjem med Blix-biografien sin, f\u00e5r me kanskje svar p\u00e5 kor lenge NRK har hatt denne framifr\u00e5 sundagstradisjonen.<\/p>\n","protected":false},"excerpt":{"rendered":"<p>Tidlegare i livet h\u00f8yrde eg eit rykte om at NRK P1 i lange tider har spela\u00a0Blix&raquo; store fedrelandssalme,\u00a0&laquo;Gud signe v\u00e5rt dyre fedreland&raquo;, rett f\u00f8r kl 7 som opning p\u00e5 sundagen. Etter at eg\u00a0fekk ungar, ikkje minst denne karen her (foto &hellip; <a href=\"https:\/\/www.krundalen.no\/blogg\/blix-pa-sundag\/\">Les meir <span class=\"meta-nav\">&rarr;<\/span><\/a><\/p>\n","protected":false},"author":2,"featured_media":0,"comment_status":"open","ping_status":"open","sticky":false,"template":"","format":"standard","meta":{"_acf_changed":false,"footnotes":""},"categories":[22,19],"tags":[],"class_list":["post-57","post","type-post","status-publish","format-standard","hentry","category-heimeliv","category-sprakhistorie"],"acf":[],"_links":{"self":[{"href":"https:\/\/www.krundalen.no\/blogg\/wp-json\/wp\/v2\/posts\/57"}],"collection":[{"href":"https:\/\/www.krundalen.no\/blogg\/wp-json\/wp\/v2\/posts"}],"about":[{"href":"https:\/\/www.krundalen.no\/blogg\/wp-json\/wp\/v2\/types\/post"}],"author":[{"embeddable":true,"href":"https:\/\/www.krundalen.no\/blogg\/wp-json\/wp\/v2\/users\/2"}],"replies":[{"embeddable":true,"href":"https:\/\/www.krundalen.no\/blogg\/wp-json\/wp\/v2\/comments?post=57"}],"version-history":[{"count":1,"href":"https:\/\/www.krundalen.no\/blogg\/wp-json\/wp\/v2\/posts\/57\/revisions"}],"predecessor-version":[{"id":295,"href":"https:\/\/www.krundalen.no\/blogg\/wp-json\/wp\/v2\/posts\/57\/revisions\/295"}],"wp:attachment":[{"href":"https:\/\/www.krundalen.no\/blogg\/wp-json\/wp\/v2\/media?parent=57"}],"wp:term":[{"taxonomy":"category","embeddable":true,"href":"https:\/\/www.krundalen.no\/blogg\/wp-json\/wp\/v2\/categories?post=57"},{"taxonomy":"post_tag","embeddable":true,"href":"https:\/\/www.krundalen.no\/blogg\/wp-json\/wp\/v2\/tags?post=57"}],"curies":[{"name":"wp","href":"https:\/\/api.w.org\/{rel}","templated":true}]}}