{"id":609,"date":"2009-12-09T00:28:15","date_gmt":"2009-12-08T22:28:15","guid":{"rendered":"http:\/\/www.krundalen.no\/blogg\/?p=609"},"modified":"2009-12-09T00:28:15","modified_gmt":"2009-12-08T22:28:15","slug":"doktorgradssong","status":"publish","type":"post","link":"https:\/\/www.krundalen.no\/blogg\/doktorgradssong\/","title":{"rendered":"Doktorgradssong"},"content":{"rendered":"<p>P\u00e5 jobben fekk eg salmeplata til Herborg Kr\u00e5kevik etter disputasen, og den h\u00f8gare meininga med g\u00e5va gjekk opp for meg med andre sporet. Ein kunne kanskje tru at det hadde \u00e5 gjera med at m\u00e5lfolka som kristna landsm\u00e5let har f\u00e5tt ein del plass i avhandlinga. Men nei: Grunnen er tvillaust at &laquo;Leid, milde ljos&raquo;, omsett av Peter Hognestad i 1914, eigenleg er ein song om avhandlingsarbeid.<\/p>\n<p>Ei lita lesarrettleiing: Fyrste verset handlar om kva rettleiaren har \u00e5 seia, andre verset om kor teit det er \u00e5 ikkje h\u00f8yra p\u00e5 rettleiaren, og tredje verset om \u00e5 h\u00f8yra p\u00e5 rettleiaren att, og om levering, disputas og komite\/disputasleiar (\u201dengle\u00e5syn blid\u201d).<\/p>\n<p>Leid, milde ljos, igjenom skoddeeim,<br \/>\nLeid du meg fram!<br \/>\nEg gjeng i myrke natt langt fr\u00e5 min heim,<br \/>\nLeid du meg fram!<br \/>\nF\u00f8r du min fot; eg treng ei sj\u00e5 min veg<br \/>\nSo langt og vidt \u2013 eitt steg er nok \u00e5t meg.<\/p>\n<p>Du veit det vel, eg bad ei alltid so:<br \/>\nLeid du meg fram!<br \/>\nEg vilde velja sj\u00f8lv min veg, men no<br \/>\nLeid du meg fram!<br \/>\nEg vilde liva vilt, var stolt og strid<br \/>\nOg stor i mod \u2013 \u00e5 gl\u00f8ym den d\u00e5rskaps tid!<\/p>\n<p>Di makt hev signa meg, d\u00e5 veit eg visst<br \/>\nDu leider enn<br \/>\nI myr og fjell og heid, og so til sist<br \/>\nEin morgon renn,<br \/>\nD\u00e5 til meg smiler engle\u00e5syn blid<br \/>\nSom eg hev elska fyrr, men mist ei tid.<\/p>\n<p>(Her etter <em>M.B. Landstads kirkesalmebok<\/em>, 1926, s. 595.)<\/p>\n","protected":false},"excerpt":{"rendered":"<p>P\u00e5 jobben fekk eg salmeplata til Herborg Kr\u00e5kevik etter disputasen, og den h\u00f8gare meininga med g\u00e5va gjekk opp for meg med andre sporet. Ein kunne kanskje tru at det hadde \u00e5 gjera med at m\u00e5lfolka som kristna landsm\u00e5let har f\u00e5tt &hellip; <a href=\"https:\/\/www.krundalen.no\/blogg\/doktorgradssong\/\">Les meir <span class=\"meta-nav\">&rarr;<\/span><\/a><\/p>\n","protected":false},"author":2,"featured_media":0,"comment_status":"open","ping_status":"open","sticky":false,"template":"","format":"standard","meta":{"_acf_changed":false,"footnotes":""},"categories":[19],"tags":[],"class_list":["post-609","post","type-post","status-publish","format-standard","hentry","category-sprakhistorie"],"acf":[],"_links":{"self":[{"href":"https:\/\/www.krundalen.no\/blogg\/wp-json\/wp\/v2\/posts\/609"}],"collection":[{"href":"https:\/\/www.krundalen.no\/blogg\/wp-json\/wp\/v2\/posts"}],"about":[{"href":"https:\/\/www.krundalen.no\/blogg\/wp-json\/wp\/v2\/types\/post"}],"author":[{"embeddable":true,"href":"https:\/\/www.krundalen.no\/blogg\/wp-json\/wp\/v2\/users\/2"}],"replies":[{"embeddable":true,"href":"https:\/\/www.krundalen.no\/blogg\/wp-json\/wp\/v2\/comments?post=609"}],"version-history":[{"count":3,"href":"https:\/\/www.krundalen.no\/blogg\/wp-json\/wp\/v2\/posts\/609\/revisions"}],"predecessor-version":[{"id":612,"href":"https:\/\/www.krundalen.no\/blogg\/wp-json\/wp\/v2\/posts\/609\/revisions\/612"}],"wp:attachment":[{"href":"https:\/\/www.krundalen.no\/blogg\/wp-json\/wp\/v2\/media?parent=609"}],"wp:term":[{"taxonomy":"category","embeddable":true,"href":"https:\/\/www.krundalen.no\/blogg\/wp-json\/wp\/v2\/categories?post=609"},{"taxonomy":"post_tag","embeddable":true,"href":"https:\/\/www.krundalen.no\/blogg\/wp-json\/wp\/v2\/tags?post=609"}],"curies":[{"name":"wp","href":"https:\/\/api.w.org\/{rel}","templated":true}]}}