{"id":691,"date":"2010-04-27T17:43:36","date_gmt":"2010-04-27T15:43:36","guid":{"rendered":"http:\/\/www.krundalen.no\/blogg\/?p=691"},"modified":"2010-04-27T17:43:36","modified_gmt":"2010-04-27T15:43:36","slug":"norsk-malreising-band-1","status":"publish","type":"post","link":"https:\/\/www.krundalen.no\/blogg\/norsk-malreising-band-1\/","title":{"rendered":"Norsk m\u00e5lreising, band 1"},"content":{"rendered":"<p>Det er alt fleire veker sidan boka kom og s\u00e5leis p\u00e5 h\u00f8g tid \u00e5 gratulera tidlegare stipendiatkollega Jens Johan Hyvik med <em><a href=\"http:\/\/www.samlaget.no\/item.cfm?path=&amp;id=14749\">Spr\u00e5k og nasjon 1739-1868<\/a><\/em>, band 1\u00a0i verket <em>Norsk m\u00e5lreising<\/em> p\u00e5 Samlaget. I dag f\u00e5r boka ei flott melding over ei heilside p\u00e5 <a href=\"http:\/\/www.bt.no\/meninger\/kronikk\/Korleis-bokmaal-og-nynorsk-vart-til-1074859.html\">kronikkplass <\/a>i <em>Bergens Tidende<\/em>, av spr\u00e5kdirekt\u00f8r Sylfest Lomheim. Band 2 kjem til hausten, vert det meldt fr\u00e5 forlaget. S\u00e5 d\u00e5 d\u00e5 lyt visst eg snart koma i gang med \u00e5 finna illustrasjonar.<\/p>\n<p><img loading=\"lazy\" decoding=\"async\" class=\"alignleft size-full wp-image-694\" title=\"hyvik-omslag\" src=\"http:\/\/www.krundalen.no\/blogg\/wp-content\/uploads\/2010\/04\/hyvik-omslag1.jpg\" alt=\"hyvik-omslag\" width=\"120\" height=\"170\" \/><\/p>\n","protected":false},"excerpt":{"rendered":"<p>Det er alt fleire veker sidan boka kom og s\u00e5leis p\u00e5 h\u00f8g tid \u00e5 gratulera tidlegare stipendiatkollega Jens Johan Hyvik med Spr\u00e5k og nasjon 1739-1868, band 1\u00a0i verket Norsk m\u00e5lreising p\u00e5 Samlaget. I dag f\u00e5r boka ei flott melding over &hellip; <a href=\"https:\/\/www.krundalen.no\/blogg\/norsk-malreising-band-1\/\">Les meir <span class=\"meta-nav\">&rarr;<\/span><\/a><\/p>\n","protected":false},"author":2,"featured_media":0,"comment_status":"open","ping_status":"open","sticky":false,"template":"","format":"standard","meta":{"_acf_changed":false,"footnotes":""},"categories":[19],"tags":[],"class_list":["post-691","post","type-post","status-publish","format-standard","hentry","category-sprakhistorie"],"acf":[],"_links":{"self":[{"href":"https:\/\/www.krundalen.no\/blogg\/wp-json\/wp\/v2\/posts\/691"}],"collection":[{"href":"https:\/\/www.krundalen.no\/blogg\/wp-json\/wp\/v2\/posts"}],"about":[{"href":"https:\/\/www.krundalen.no\/blogg\/wp-json\/wp\/v2\/types\/post"}],"author":[{"embeddable":true,"href":"https:\/\/www.krundalen.no\/blogg\/wp-json\/wp\/v2\/users\/2"}],"replies":[{"embeddable":true,"href":"https:\/\/www.krundalen.no\/blogg\/wp-json\/wp\/v2\/comments?post=691"}],"version-history":[{"count":3,"href":"https:\/\/www.krundalen.no\/blogg\/wp-json\/wp\/v2\/posts\/691\/revisions"}],"predecessor-version":[{"id":696,"href":"https:\/\/www.krundalen.no\/blogg\/wp-json\/wp\/v2\/posts\/691\/revisions\/696"}],"wp:attachment":[{"href":"https:\/\/www.krundalen.no\/blogg\/wp-json\/wp\/v2\/media?parent=691"}],"wp:term":[{"taxonomy":"category","embeddable":true,"href":"https:\/\/www.krundalen.no\/blogg\/wp-json\/wp\/v2\/categories?post=691"},{"taxonomy":"post_tag","embeddable":true,"href":"https:\/\/www.krundalen.no\/blogg\/wp-json\/wp\/v2\/tags?post=691"}],"curies":[{"name":"wp","href":"https:\/\/api.w.org\/{rel}","templated":true}]}}