{"id":725,"date":"2010-07-05T13:27:29","date_gmt":"2010-07-05T11:27:29","guid":{"rendered":"http:\/\/www.krundalen.no\/blogg\/?p=725"},"modified":"2010-07-05T13:27:29","modified_gmt":"2010-07-05T11:27:29","slug":"kyrkjeboka-lansert","status":"publish","type":"post","link":"https:\/\/www.krundalen.no\/blogg\/kyrkjeboka-lansert\/","title":{"rendered":"Kyrkjeboka lansert"},"content":{"rendered":"<p>Laurdag 26. juni vart jubileumsboka om Jostedal kyrkje lansert p\u00e5 Breheimsenteret.\u00a0Det store lasset har\u00a0forfattarane K\u00e5re \u00d8vregard og Asbj\u00f8rg Ormberg og biletredakt\u00f8r Kristen Ormberg drege. Men eg har f\u00e5tt vere med og har hatt mykje glede av \u00e5 skrive eit kapittel om \u00f8konomien i presteembetet (det d\u00e5rlegaste i landet) og eitt om Jostedal prestegard. Skald forlag har sytt for at det har vorte ei s\u00e6rs fin bok. <a href=\"http:\/\/www.historielaget.jostedal.no\/?page_id=1230\">Meir om boka <\/a>hj\u00e5 Jostedal historielag, der mange av <a href=\"http:\/\/www.historielaget.jostedal.no\/?page_id=100\">kjeldene <\/a>\u00f2g er lagde ut. P\u00e5 lanseringa hadde eg eit lite innlegg som <a href=\"http:\/\/www.krundalen.no\/blogg\/?page_id=720\">ligg her<\/a>.<\/p>\n<p><img loading=\"lazy\" decoding=\"async\" class=\"alignleft size-thumbnail wp-image-707\" title=\"Jostedal kyrkje 350 \u00e5r - bokomslag\" src=\"http:\/\/www.krundalen.no\/blogg\/wp-content\/uploads\/2010\/07\/DSCF6148-150x203.jpg\" alt=\"Jostedal kyrkje 350 \u00e5r - bokomslag\" width=\"150\" height=\"203\" srcset=\"https:\/\/www.krundalen.no\/blogg\/wp-content\/uploads\/2010\/07\/DSCF6148-150x203.jpg 150w, https:\/\/www.krundalen.no\/blogg\/wp-content\/uploads\/2010\/07\/DSCF6148-300x406.jpg 300w, https:\/\/www.krundalen.no\/blogg\/wp-content\/uploads\/2010\/07\/DSCF6148-1024x1386.jpg 1024w, https:\/\/www.krundalen.no\/blogg\/wp-content\/uploads\/2010\/07\/DSCF6148.JPG 1724w\" sizes=\"(max-width: 150px) 100vw, 150px\" \/><\/p>\n","protected":false},"excerpt":{"rendered":"<p>Laurdag 26. juni vart jubileumsboka om Jostedal kyrkje lansert p\u00e5 Breheimsenteret.\u00a0Det store lasset har\u00a0forfattarane K\u00e5re \u00d8vregard og Asbj\u00f8rg Ormberg og biletredakt\u00f8r Kristen Ormberg drege. Men eg har f\u00e5tt vere med og har hatt mykje glede av \u00e5 skrive eit kapittel &hellip; <a href=\"https:\/\/www.krundalen.no\/blogg\/kyrkjeboka-lansert\/\">Les meir <span class=\"meta-nav\">&rarr;<\/span><\/a><\/p>\n","protected":false},"author":2,"featured_media":0,"comment_status":"open","ping_status":"open","sticky":false,"template":"","format":"standard","meta":{"_acf_changed":false,"footnotes":""},"categories":[18,23],"tags":[],"class_list":["post-725","post","type-post","status-publish","format-standard","hentry","category-historie","category-jostedalen"],"acf":[],"_links":{"self":[{"href":"https:\/\/www.krundalen.no\/blogg\/wp-json\/wp\/v2\/posts\/725"}],"collection":[{"href":"https:\/\/www.krundalen.no\/blogg\/wp-json\/wp\/v2\/posts"}],"about":[{"href":"https:\/\/www.krundalen.no\/blogg\/wp-json\/wp\/v2\/types\/post"}],"author":[{"embeddable":true,"href":"https:\/\/www.krundalen.no\/blogg\/wp-json\/wp\/v2\/users\/2"}],"replies":[{"embeddable":true,"href":"https:\/\/www.krundalen.no\/blogg\/wp-json\/wp\/v2\/comments?post=725"}],"version-history":[{"count":2,"href":"https:\/\/www.krundalen.no\/blogg\/wp-json\/wp\/v2\/posts\/725\/revisions"}],"predecessor-version":[{"id":727,"href":"https:\/\/www.krundalen.no\/blogg\/wp-json\/wp\/v2\/posts\/725\/revisions\/727"}],"wp:attachment":[{"href":"https:\/\/www.krundalen.no\/blogg\/wp-json\/wp\/v2\/media?parent=725"}],"wp:term":[{"taxonomy":"category","embeddable":true,"href":"https:\/\/www.krundalen.no\/blogg\/wp-json\/wp\/v2\/categories?post=725"},{"taxonomy":"post_tag","embeddable":true,"href":"https:\/\/www.krundalen.no\/blogg\/wp-json\/wp\/v2\/tags?post=725"}],"curies":[{"name":"wp","href":"https:\/\/api.w.org\/{rel}","templated":true}]}}