{"id":731,"date":"2010-07-19T21:49:57","date_gmt":"2010-07-19T19:49:57","guid":{"rendered":"http:\/\/www.krundalen.no\/blogg\/?p=731"},"modified":"2010-07-19T21:50:25","modified_gmt":"2010-07-19T19:50:25","slug":"frich-myrhorn","status":"publish","type":"post","link":"https:\/\/www.krundalen.no\/blogg\/frich-myrhorn\/","title":{"rendered":"Kunsthandel"},"content":{"rendered":"<p>Ikkje det st\u00f8rste storverket i norsk kunstsoge. Men d\u00e5 eit handkolorert trykk av det velkjende motivet til Joachim Frich dukka opp p\u00e5 salsutstillinga til eit antikvariat p\u00e5 T\u00f8rvis hotell fredag, var det\u00a0berre\u00a0\u00e5 sl\u00e5 til. Teikninga av Joachim Frich stod (svart-kvitt) i <em>Norge fremstillet i Tegninger<\/em> (1846-48) av Chr. T\u00f8nsberg, eit verk som gjekk sin sigersgang i store opplag og mange utg\u00e5ver utover p\u00e5 1800-talet. <a href=\"http:\/\/www.historielaget.jostedal.no\/?page_id=126\">Meir hj\u00e5 Jostedal historielag.<\/a>\u00a0Sj\u00e5 <a href=\"http:\/\/www.krundalen.no\/blogg\/?page_id=9\">svart-kvitt-versjonen her<\/a>.<\/p>\n<p><a href=\"http:\/\/www.krundalen.no\/blogg\/wp-content\/uploads\/2010\/07\/Frich-Myrhorn.jpg\"><img loading=\"lazy\" decoding=\"async\" class=\"alignleft size-medium wp-image-732\" title=\"Joachim Frich: Myrhorn (handkolorert)\" src=\"http:\/\/www.krundalen.no\/blogg\/wp-content\/uploads\/2010\/07\/Frich-Myrhorn-300x210.jpg\" alt=\"Joachim Frich: Myrhorn (handkolorert)\" width=\"300\" height=\"210\" srcset=\"https:\/\/www.krundalen.no\/blogg\/wp-content\/uploads\/2010\/07\/Frich-Myrhorn-300x210.jpg 300w, https:\/\/www.krundalen.no\/blogg\/wp-content\/uploads\/2010\/07\/Frich-Myrhorn-150x105.jpg 150w, https:\/\/www.krundalen.no\/blogg\/wp-content\/uploads\/2010\/07\/Frich-Myrhorn-1023x718.jpg 1023w\" sizes=\"(max-width: 300px) 100vw, 300px\" \/><\/a><\/p>\n","protected":false},"excerpt":{"rendered":"<p>Ikkje det st\u00f8rste storverket i norsk kunstsoge. Men d\u00e5 eit handkolorert trykk av det velkjende motivet til Joachim Frich dukka opp p\u00e5 salsutstillinga til eit antikvariat p\u00e5 T\u00f8rvis hotell fredag, var det\u00a0berre\u00a0\u00e5 sl\u00e5 til. Teikninga av Joachim Frich stod (svart-kvitt) &hellip; <a href=\"https:\/\/www.krundalen.no\/blogg\/frich-myrhorn\/\">Les meir <span class=\"meta-nav\">&rarr;<\/span><\/a><\/p>\n","protected":false},"author":2,"featured_media":0,"comment_status":"open","ping_status":"open","sticky":false,"template":"","format":"standard","meta":{"_acf_changed":false,"footnotes":""},"categories":[23],"tags":[],"class_list":["post-731","post","type-post","status-publish","format-standard","hentry","category-jostedalen"],"acf":[],"_links":{"self":[{"href":"https:\/\/www.krundalen.no\/blogg\/wp-json\/wp\/v2\/posts\/731"}],"collection":[{"href":"https:\/\/www.krundalen.no\/blogg\/wp-json\/wp\/v2\/posts"}],"about":[{"href":"https:\/\/www.krundalen.no\/blogg\/wp-json\/wp\/v2\/types\/post"}],"author":[{"embeddable":true,"href":"https:\/\/www.krundalen.no\/blogg\/wp-json\/wp\/v2\/users\/2"}],"replies":[{"embeddable":true,"href":"https:\/\/www.krundalen.no\/blogg\/wp-json\/wp\/v2\/comments?post=731"}],"version-history":[{"count":2,"href":"https:\/\/www.krundalen.no\/blogg\/wp-json\/wp\/v2\/posts\/731\/revisions"}],"predecessor-version":[{"id":734,"href":"https:\/\/www.krundalen.no\/blogg\/wp-json\/wp\/v2\/posts\/731\/revisions\/734"}],"wp:attachment":[{"href":"https:\/\/www.krundalen.no\/blogg\/wp-json\/wp\/v2\/media?parent=731"}],"wp:term":[{"taxonomy":"category","embeddable":true,"href":"https:\/\/www.krundalen.no\/blogg\/wp-json\/wp\/v2\/categories?post=731"},{"taxonomy":"post_tag","embeddable":true,"href":"https:\/\/www.krundalen.no\/blogg\/wp-json\/wp\/v2\/tags?post=731"}],"curies":[{"name":"wp","href":"https:\/\/api.w.org\/{rel}","templated":true}]}}