{"id":754,"date":"2010-11-09T11:11:53","date_gmt":"2010-11-09T09:11:53","guid":{"rendered":"http:\/\/www.krundalen.no\/blogg\/?p=754"},"modified":"2010-11-09T23:11:31","modified_gmt":"2010-11-09T21:11:31","slug":"barndomsminne-fra-vikersund","status":"publish","type":"post","link":"https:\/\/www.krundalen.no\/blogg\/barndomsminne-fra-vikersund\/","title":{"rendered":"Barndomsminne fr\u00e5 Vikersund"},"content":{"rendered":"<p><em>F\u00f8lgjande innlegg st\u00e5r i <a href=\"http:\/\/www.aftenposten.no\/meninger\/debatt\/article3896849.ece\">Aftenposten i dag<\/a>:<\/em><\/p>\n<p><strong>Barndomsminne fr\u00e5 Vikersund<\/strong><\/p>\n<p>Oda Rygh, statsvitar, fekk<a href=\"http:\/\/www.aftenposten.no\/meninger\/debatt\/article3887896.ece\"> 4\/11 spalteplass <\/a>for \u00e5 fortelja si personlege historie om at ho no flytter fr\u00e5 heimbygda Vikersund. Me lever i eit fritt land, s\u00e5 alle som vil kan flytta til Drammen n\u00e5r dei vil, og mange kan sikkert ha gode og djupt personlege grunnar for \u00e5 gjera det. Men Rygh skriv ikkje berre om Vikersund \u2013 ho skriv \u00f2g generelt om \u201dBygda\u201d. Mot Rygh si personlege historie kan det haldast hundre- og tusenvis av andre s\u00e6rs ulike personlege historier om ulike opplevingar av ulike bygder, tettstader, byar og bydelar. Aviser, blad og bloggar er fulle av desse historiene. Skal dette ha interesse for samfunnsdebatten, m\u00e5 ein n\u00f8dvendigvis ha ein id\u00e9 om kor representative historiene er. Som mange andre bygdekritikarar har Rygh diverre ikkje ein einaste refleksjon kring dette representativitetsproblemet. Dette har minst tre sider: b\u00e5de kor representativ ho er som h\u00f8gt utdanna ung kvinne fr\u00e5 bygda, kor representativ opplevinga hennar av Vikersund er, og kor representativ Vikersund er for \u201dBygda\u201d. Ein kan innvenda at det m\u00e5 vera lov \u00e5 fortelja si personlege historie utan slike refleksjonar. Greitt nok, men d\u00e5 er det noko underleg \u00e5 signera meiningsytringa med \u201dstatsviter\u201d.<\/p>\n<p>Oddmund L. Hoel, Jostedalen<\/p>\n<p><em>I g\u00e5r hadde <\/em><a href=\"http:\/\/www.aftenposten.no\/meninger\/debatt\/article3894338.ece\"><em>Birger Emanuelsen<\/em><\/a><em> \u00f2g eit svar til Rygh.<\/em><\/p>\n","protected":false},"excerpt":{"rendered":"<p>F\u00f8lgjande innlegg st\u00e5r i Aftenposten i dag: Barndomsminne fr\u00e5 Vikersund Oda Rygh, statsvitar, fekk 4\/11 spalteplass for \u00e5 fortelja si personlege historie om at ho no flytter fr\u00e5 heimbygda Vikersund. Me lever i eit fritt land, s\u00e5 alle som vil &hellip; <a href=\"https:\/\/www.krundalen.no\/blogg\/barndomsminne-fra-vikersund\/\">Les meir <span class=\"meta-nav\">&rarr;<\/span><\/a><\/p>\n","protected":false},"author":2,"featured_media":0,"comment_status":"open","ping_status":"open","sticky":false,"template":"","format":"standard","meta":{"_acf_changed":false,"footnotes":""},"categories":[21],"tags":[],"class_list":["post-754","post","type-post","status-publish","format-standard","hentry","category-politikk"],"acf":[],"_links":{"self":[{"href":"https:\/\/www.krundalen.no\/blogg\/wp-json\/wp\/v2\/posts\/754"}],"collection":[{"href":"https:\/\/www.krundalen.no\/blogg\/wp-json\/wp\/v2\/posts"}],"about":[{"href":"https:\/\/www.krundalen.no\/blogg\/wp-json\/wp\/v2\/types\/post"}],"author":[{"embeddable":true,"href":"https:\/\/www.krundalen.no\/blogg\/wp-json\/wp\/v2\/users\/2"}],"replies":[{"embeddable":true,"href":"https:\/\/www.krundalen.no\/blogg\/wp-json\/wp\/v2\/comments?post=754"}],"version-history":[{"count":3,"href":"https:\/\/www.krundalen.no\/blogg\/wp-json\/wp\/v2\/posts\/754\/revisions"}],"predecessor-version":[{"id":757,"href":"https:\/\/www.krundalen.no\/blogg\/wp-json\/wp\/v2\/posts\/754\/revisions\/757"}],"wp:attachment":[{"href":"https:\/\/www.krundalen.no\/blogg\/wp-json\/wp\/v2\/media?parent=754"}],"wp:term":[{"taxonomy":"category","embeddable":true,"href":"https:\/\/www.krundalen.no\/blogg\/wp-json\/wp\/v2\/categories?post=754"},{"taxonomy":"post_tag","embeddable":true,"href":"https:\/\/www.krundalen.no\/blogg\/wp-json\/wp\/v2\/tags?post=754"}],"curies":[{"name":"wp","href":"https:\/\/api.w.org\/{rel}","templated":true}]}}