{"id":778,"date":"2011-02-14T09:53:30","date_gmt":"2011-02-14T07:53:30","guid":{"rendered":"http:\/\/www.krundalen.no\/blogg\/?p=778"},"modified":"2011-02-14T09:57:20","modified_gmt":"2011-02-14T07:57:20","slug":"appell-for-l%c3%a6rdal-sjukehus","status":"publish","type":"post","link":"https:\/\/www.krundalen.no\/blogg\/appell-for-l%c3%a6rdal-sjukehus\/","title":{"rendered":"Appell for L\u00e6rdal sjukehus"},"content":{"rendered":"<p><a href=\"http:\/\/www.krundalen.no\/blogg\/wp-content\/uploads\/2011\/02\/Plakat_A4_Politikk_og_musikk.jpg\"><img loading=\"lazy\" decoding=\"async\" class=\"align=&quot;left&quot; size-thumbnail wp-image-779\" title=\"Politikk og musikk for lokalsjukehuset - 13.2.2011\" src=\"http:\/\/www.krundalen.no\/blogg\/wp-content\/uploads\/2011\/02\/Plakat_A4_Politikk_og_musikk-150x212.jpg\" alt=\"Politikk og musikk for lokalsjukehuset - 13.2.2011\" align=\"left\" width=\"150\" height=\"212\" srcset=\"https:\/\/www.krundalen.no\/blogg\/wp-content\/uploads\/2011\/02\/Plakat_A4_Politikk_og_musikk-150x212.jpg 150w, https:\/\/www.krundalen.no\/blogg\/wp-content\/uploads\/2011\/02\/Plakat_A4_Politikk_og_musikk-300x424.jpg 300w, https:\/\/www.krundalen.no\/blogg\/wp-content\/uploads\/2011\/02\/Plakat_A4_Politikk_og_musikk-1024x1447.jpg 1024w, https:\/\/www.krundalen.no\/blogg\/wp-content\/uploads\/2011\/02\/Plakat_A4_Politikk_og_musikk.jpg 1132w\" sizes=\"(max-width: 150px) 100vw, 150px\" \/><\/a>I g\u00e5r kveld hadde Forsvar L\u00e6rdal sjukehus, L\u00e6rdal Musikklag og L\u00e6rdal Frivilligsentral tromma saman til stor tilstelling med musikk og politikk for sjukehuset. Over 300 hadde m\u00f8tt fram i den fullsette Storstova p\u00e5 L\u00e6rdals\u00f8yri skule, og fr\u00e5 Jostedalen var det tinga folkemusikkinnslag og appell. Kine Svori (14) gjorde stor lukke med hardingfela og kvedarr\u00f8ysta si, og eg fekk gleda av \u00e5 seia dette (med nokre illustrerande lenkjer):<\/p>\n<p>Godtfolk!<\/p>\n<p>Det er eit trylleord som f\u00f8rekjem oftare og oftare n\u00e5r det er snakk om sjukehus og andre offentlege tenester, og det er ordet <em>kvalitet<\/em>. Det kan sj\u00e5 ut som eit uskuldig og tilforlateleg ord, for ingen er vel mot god kvalitet. <!--more--><\/p>\n<p>Det gjekk eit lys opp for meg d\u00e5 eg s\u00e5g <a href=\"http:\/\/www.forskning.se\/pressmeddelanden\/pressmeddelanden\/kvalitetsbegreppetforandraruppfattningenomutbildning.5.14ed700e12c61167c5180001691.html\">ei fersk svensk doktoravhandling <\/a>om korleis kvalitetsomgrepet p\u00e5 f\u00e5 \u00e5r har vorte styrande i skulevesenet. Her vert det dokumentert korleis <em>ei<\/em> av fleire moglege tolkingar av kvalitetsomgrepet hadde vore med p\u00e5 \u00e5 endra utdanningspolitikken i <em>ei bestemt<\/em> av fleire moglege retningar.<\/p>\n<p>Den same kampen om kvalitetsomgrepet st\u00e5r i sjukehusdebatten, og den er for viktig til \u00e5 bli overlate til Sosial- og helsedirektoratet og dei sentraliseringsk\u00e5te fagmilj\u00f8a som helsepolitikarar altfor ofte skuvar framfor seg. Sp\u00f8rsm\u00e5let om kva som er god kvalitet, er minst like mykje politikk som fag.<\/p>\n<p>God kvalitet for f\u00f8detenester <a href=\"http:\/\/www.helsedirektoratet.no\/publikasjoner\/veiledere\/et_trygt_f_detilbud__kvalitetskrav_til_f_dselsomsorgen_780084\">skal visstnok vera <\/a>store avdelingar med mange f\u00f8dslar og mange gynekologar. S\u00e5 kjem det tal, slik som <a href=\"http:\/\/www.nrk.no\/nyheter\/distrikt\/nrk_sogn_og_fjordane\/1.7501014\">rett f\u00f8r helga<\/a>, som viser at mange sm\u00e5 f\u00f8deavdelingar kan visa til betre resultat enn mange store. S\u00e5 seier aksjonistar og andre rabulistar at det viktige er ikkje om ei f\u00f8deavdeling er stor eller lita, men om ho er god eller d\u00e5rleg. Men d\u00e5 er svaret at dei sm\u00e5 avdelingane er kanskje ikkje d\u00e5rlege no, men dei kan koma til \u00e5 bli det om nokre \u00e5r, for dei er s\u00e5 lite robuste \u2013 eit anna trylleord. S\u00e5 dei b\u00f8r leggjast ned straks.<\/p>\n<p>Paradokset er at eit meir og meir marknadsorientert helsevesen har teke opp dei verste sidene av marknadstenkinga, men ikkje dei beste. I n\u00e6ringslivet er det langt meir interessant om ei bedrift er god eller d\u00e5rleg, enn om ho er liten eller stor. I n\u00e6ringslivet har kunden alltid rett. I helsevesenet har kunden aldri rett om kunden vil noko anna enn dei som styrer. Dei f\u00f8dande kvinnene v\u00e5re i Jostedalen og me som gjerne vil bes\u00f8ka dei p\u00e5 sjukehuset, er <a href=\"http:\/\/www.tidsskriftet.no\/?seks_id=1296610\">styrte av kjensler og manglande kunnskap <\/a>og er i det heile ikkje heilt kloke n\u00e5r me ikkje skj\u00f8nar at eit f\u00f8detilbod 1-2 timar lenger borte er betre for oss.<\/p>\n<p>Men <em>det<\/em> er god kvalitet <em>for oss<\/em>. For oss er det god kvalitet at me faktisk rekk fram til F\u00f8den, og slik er det for ei stor mengd folk som no kjempar for lokalsjukehusa sine over heile landet.<\/p>\n<p>Me i den gamle aksjonsgruppa i Jostedalen vil retta ein stor takk til dei tilsette p\u00e5 L\u00e6rdal sjukehus som har greidd \u00e5 halda oppe eit sjukehustilbod med framifr\u00e5 kvalitet trass i alle \u00e5taka gjennom desse \u00e5ra. Me vil \u00f2g retta ein varm takk til Bente \u00d8ien Hauge og alle andre eldsjeler i Forsvar L\u00e6rdal Sjukehus og Folkeaksjonen for lokalsjukehusa som har gjort eit politisk og fagleg arbeid av s\u00e5 h\u00f8g kvalitet gjennom alle desse \u00e5ra at me kjem til \u00e5 vinna!<\/p>\n","protected":false},"excerpt":{"rendered":"<p>I g\u00e5r kveld hadde Forsvar L\u00e6rdal sjukehus, L\u00e6rdal Musikklag og L\u00e6rdal Frivilligsentral tromma saman til stor tilstelling med musikk og politikk for sjukehuset. Over 300 hadde m\u00f8tt fram i den fullsette Storstova p\u00e5 L\u00e6rdals\u00f8yri skule, og fr\u00e5 Jostedalen var det &hellip; <a href=\"https:\/\/www.krundalen.no\/blogg\/appell-for-l%c3%a6rdal-sjukehus\/\">Les meir <span class=\"meta-nav\">&rarr;<\/span><\/a><\/p>\n","protected":false},"author":2,"featured_media":0,"comment_status":"open","ping_status":"open","sticky":false,"template":"","format":"standard","meta":{"_acf_changed":false,"footnotes":""},"categories":[21],"tags":[],"class_list":["post-778","post","type-post","status-publish","format-standard","hentry","category-politikk"],"acf":[],"_links":{"self":[{"href":"https:\/\/www.krundalen.no\/blogg\/wp-json\/wp\/v2\/posts\/778"}],"collection":[{"href":"https:\/\/www.krundalen.no\/blogg\/wp-json\/wp\/v2\/posts"}],"about":[{"href":"https:\/\/www.krundalen.no\/blogg\/wp-json\/wp\/v2\/types\/post"}],"author":[{"embeddable":true,"href":"https:\/\/www.krundalen.no\/blogg\/wp-json\/wp\/v2\/users\/2"}],"replies":[{"embeddable":true,"href":"https:\/\/www.krundalen.no\/blogg\/wp-json\/wp\/v2\/comments?post=778"}],"version-history":[{"count":4,"href":"https:\/\/www.krundalen.no\/blogg\/wp-json\/wp\/v2\/posts\/778\/revisions"}],"predecessor-version":[{"id":786,"href":"https:\/\/www.krundalen.no\/blogg\/wp-json\/wp\/v2\/posts\/778\/revisions\/786"}],"wp:attachment":[{"href":"https:\/\/www.krundalen.no\/blogg\/wp-json\/wp\/v2\/media?parent=778"}],"wp:term":[{"taxonomy":"category","embeddable":true,"href":"https:\/\/www.krundalen.no\/blogg\/wp-json\/wp\/v2\/categories?post=778"},{"taxonomy":"post_tag","embeddable":true,"href":"https:\/\/www.krundalen.no\/blogg\/wp-json\/wp\/v2\/tags?post=778"}],"curies":[{"name":"wp","href":"https:\/\/api.w.org\/{rel}","templated":true}]}}