{"id":803,"date":"2011-02-23T00:01:56","date_gmt":"2011-02-22T22:01:56","guid":{"rendered":"http:\/\/www.krundalen.no\/blogg\/?p=803"},"modified":"2011-02-23T15:14:46","modified_gmt":"2011-02-23T13:14:46","slug":"mal-og-modernisering","status":"publish","type":"post","link":"https:\/\/www.krundalen.no\/blogg\/mal-og-modernisering\/","title":{"rendered":"M\u00e5l og modernisering"},"content":{"rendered":"<p><a href=\"http:\/\/www.krundalen.no\/blogg\/wp-content\/uploads\/2011\/02\/omslag-maalogmodernisering.jpg\"><img decoding=\"async\" class=\"alignleft size-thumbnail wp-image-784\" style=\"border: white 5px solid;\" title=\"Omslag M\u00e5l og modernisering 1868-1940\" src=\"http:\/\/www.krundalen.no\/blogg\/wp-content\/uploads\/2011\/02\/omslag-maalogmodernisering-150x203.jpg\" alt=\"Omslag M\u00e5l og modernisering 1868-1940\" width=\"120\" align=\"right\" srcset=\"https:\/\/www.krundalen.no\/blogg\/wp-content\/uploads\/2011\/02\/omslag-maalogmodernisering-150x203.jpg 150w, https:\/\/www.krundalen.no\/blogg\/wp-content\/uploads\/2011\/02\/omslag-maalogmodernisering-300x406.jpg 300w, https:\/\/www.krundalen.no\/blogg\/wp-content\/uploads\/2011\/02\/omslag-maalogmodernisering.jpg 755w\" sizes=\"(max-width: 150px) 100vw, 150px\" \/><\/a>Fredag (18\/2) lanserte eg bok under seminaret <a href=\"http:\/\/www.hivolda.no\/index.php?ID=14&amp;lang=nyn&amp;displayitem=2245&amp;module=messageboard\">Nynorsk fagdag <\/a>i Oslo. <em>M\u00e5l og modernisering 1868-1940 <\/em>er ei noko nedkorta utg\u00e5ve av <a href=\"http:\/\/www.krundalen.no\/blogg\/?page_id=240\">doktoravhandlinga<\/a>\u00a0mi. <a href=\"http:\/\/www.krundalen.no\/blogg\/?page_id=789\">Les meir om boka her<\/a>.<\/p>\n<p>Innlegget mitt om &laquo;Det nynorske byproblemet&raquo; p\u00e5 seminaret byggjer p\u00e5 boka og kjem p\u00e5 prent om ikkje s\u00e5 lenge.<\/p>\n","protected":false},"excerpt":{"rendered":"<p>Fredag (18\/2) lanserte eg bok under seminaret Nynorsk fagdag i Oslo. M\u00e5l og modernisering 1868-1940 er ei noko nedkorta utg\u00e5ve av doktoravhandlinga\u00a0mi. Les meir om boka her. Innlegget mitt om &laquo;Det nynorske byproblemet&raquo; p\u00e5 seminaret byggjer p\u00e5 boka og kjem &hellip; <a href=\"https:\/\/www.krundalen.no\/blogg\/mal-og-modernisering\/\">Les meir <span class=\"meta-nav\">&rarr;<\/span><\/a><\/p>\n","protected":false},"author":2,"featured_media":0,"comment_status":"open","ping_status":"open","sticky":false,"template":"","format":"standard","meta":{"_acf_changed":false,"footnotes":""},"categories":[19],"tags":[],"class_list":["post-803","post","type-post","status-publish","format-standard","hentry","category-sprakhistorie"],"acf":[],"_links":{"self":[{"href":"https:\/\/www.krundalen.no\/blogg\/wp-json\/wp\/v2\/posts\/803"}],"collection":[{"href":"https:\/\/www.krundalen.no\/blogg\/wp-json\/wp\/v2\/posts"}],"about":[{"href":"https:\/\/www.krundalen.no\/blogg\/wp-json\/wp\/v2\/types\/post"}],"author":[{"embeddable":true,"href":"https:\/\/www.krundalen.no\/blogg\/wp-json\/wp\/v2\/users\/2"}],"replies":[{"embeddable":true,"href":"https:\/\/www.krundalen.no\/blogg\/wp-json\/wp\/v2\/comments?post=803"}],"version-history":[{"count":7,"href":"https:\/\/www.krundalen.no\/blogg\/wp-json\/wp\/v2\/posts\/803\/revisions"}],"predecessor-version":[{"id":822,"href":"https:\/\/www.krundalen.no\/blogg\/wp-json\/wp\/v2\/posts\/803\/revisions\/822"}],"wp:attachment":[{"href":"https:\/\/www.krundalen.no\/blogg\/wp-json\/wp\/v2\/media?parent=803"}],"wp:term":[{"taxonomy":"category","embeddable":true,"href":"https:\/\/www.krundalen.no\/blogg\/wp-json\/wp\/v2\/categories?post=803"},{"taxonomy":"post_tag","embeddable":true,"href":"https:\/\/www.krundalen.no\/blogg\/wp-json\/wp\/v2\/tags?post=803"}],"curies":[{"name":"wp","href":"https:\/\/api.w.org\/{rel}","templated":true}]}}