{"id":854,"date":"2011-03-04T12:17:07","date_gmt":"2011-03-04T10:17:07","guid":{"rendered":"http:\/\/www.krundalen.no\/blogg\/?p=854"},"modified":"2011-03-04T13:55:45","modified_gmt":"2011-03-04T11:55:45","slug":"tekstar-i-bt-dt-og-ss","status":"publish","type":"post","link":"https:\/\/www.krundalen.no\/blogg\/tekstar-i-bt-dt-og-ss\/","title":{"rendered":"Tekstar i BT, DT og S&#038;S"},"content":{"rendered":"<p>Dei siste dagane har eg hatt ymse tekstar p\u00e5 prent i ymse organ i h\u00f8ve utgjevinga av <a href=\"http:\/\/www.krundalen.no\/blogg\/?page_id=789\">M\u00e5l og modernisering 1868-1940<\/a>. Det gjeld:<\/p>\n<p>Det nynorske byproblemet (Syn og Segn, 1\/2011, ikkje p\u00e5 nett)<br \/>\n<a href=\"http:\/\/www.krundalen.no\/blogg\/wp-content\/uploads\/2011\/02\/BT-3mars11.pdf\">By og land &#8211; mann mot mann <\/a>(Bergens Tidende, 3. mars)<br \/>\n<a href=\"http:\/\/www.krundalen.no\/blogg\/?page_id=836\">Milit\u00e6rpolitikk framfor m\u00e5lsak <\/a>(Dag og Tid, 4. mars, pluss intervju)<\/p>\n","protected":false},"excerpt":{"rendered":"<p>Dei siste dagane har eg hatt ymse tekstar p\u00e5 prent i ymse organ i h\u00f8ve utgjevinga av M\u00e5l og modernisering 1868-1940. Det gjeld: Det nynorske byproblemet (Syn og Segn, 1\/2011, ikkje p\u00e5 nett) By og land &#8211; mann mot mann &hellip; <a href=\"https:\/\/www.krundalen.no\/blogg\/tekstar-i-bt-dt-og-ss\/\">Les meir <span class=\"meta-nav\">&rarr;<\/span><\/a><\/p>\n","protected":false},"author":2,"featured_media":0,"comment_status":"open","ping_status":"open","sticky":false,"template":"","format":"standard","meta":{"_acf_changed":false,"footnotes":""},"categories":[19],"tags":[],"class_list":["post-854","post","type-post","status-publish","format-standard","hentry","category-sprakhistorie"],"acf":[],"_links":{"self":[{"href":"https:\/\/www.krundalen.no\/blogg\/wp-json\/wp\/v2\/posts\/854"}],"collection":[{"href":"https:\/\/www.krundalen.no\/blogg\/wp-json\/wp\/v2\/posts"}],"about":[{"href":"https:\/\/www.krundalen.no\/blogg\/wp-json\/wp\/v2\/types\/post"}],"author":[{"embeddable":true,"href":"https:\/\/www.krundalen.no\/blogg\/wp-json\/wp\/v2\/users\/2"}],"replies":[{"embeddable":true,"href":"https:\/\/www.krundalen.no\/blogg\/wp-json\/wp\/v2\/comments?post=854"}],"version-history":[{"count":2,"href":"https:\/\/www.krundalen.no\/blogg\/wp-json\/wp\/v2\/posts\/854\/revisions"}],"predecessor-version":[{"id":865,"href":"https:\/\/www.krundalen.no\/blogg\/wp-json\/wp\/v2\/posts\/854\/revisions\/865"}],"wp:attachment":[{"href":"https:\/\/www.krundalen.no\/blogg\/wp-json\/wp\/v2\/media?parent=854"}],"wp:term":[{"taxonomy":"category","embeddable":true,"href":"https:\/\/www.krundalen.no\/blogg\/wp-json\/wp\/v2\/categories?post=854"},{"taxonomy":"post_tag","embeddable":true,"href":"https:\/\/www.krundalen.no\/blogg\/wp-json\/wp\/v2\/tags?post=854"}],"curies":[{"name":"wp","href":"https:\/\/api.w.org\/{rel}","templated":true}]}}