{"id":896,"date":"2011-10-28T08:27:05","date_gmt":"2011-10-28T06:27:05","guid":{"rendered":"http:\/\/www.krundalen.no\/blogg\/?p=896"},"modified":"2012-02-02T20:39:03","modified_gmt":"2012-02-02T18:39:03","slug":"meir-lokaldemokrati-ikkje-mindre-sogn-avis-2810","status":"publish","type":"post","link":"https:\/\/www.krundalen.no\/blogg\/meir-lokaldemokrati-ikkje-mindre-sogn-avis-2810\/","title":{"rendered":"Meir lokaldemokrati, ikkje mindre (Sogn Avis 28\/10)"},"content":{"rendered":"<p>I g\u00e5r (28\/10) hadde eg dette innlegget p\u00e5 prent i Sogn Avis. Det er eit svar p\u00e5 eit st\u00f8rre intervju med avtroppande vararordf\u00f8rar og gruppeleiar for Ap i Luster.<!--more--><\/p>\n<p><strong>Meir lokaldemokrati, ikkje mindre<\/strong><br \/>\nAnders Bolstad er i SA 25\/10 uroa for det han kallar \u201daksjonsdemokratiet\u201d i Luster. \u201dFolk b\u00f8r heller melda seg inn i politiske parti og engasjera seg der\u201d, seier han. Hadde han bytt ut \u2019heller\u2019 med \u2019ogs\u00e5\u2019 hadde dette vore greitt. Men det er ikkje fleire som engasjerer seg i sm\u00e5 og store samfunnssp\u00f8rsm\u00e5l enn at me f\u00e5r vera glade for alle som gjer det. Livet som kommunepolitikar og ordf\u00f8rar er sikkert koselegare n\u00e5r ein f\u00e5r vera i fred for engasjerte folk. Men partia burde vera glade for alle brennande sjeler og heller tenkja at desse m\u00e5 me f\u00e5 med i partia v\u00e5re. Mange av v\u00e5re fremste politikarar har nettopp hatt einskildsaker og interesseorganisasjonar som inngangsd\u00f8r til politikken. Ogs\u00e5 her i Luster ser me at det ikkje er vasstette skott mellom parlamentarisk og utanom-parlamentarisk politisk arbeid.<\/p>\n<p>Oddmund L. Hoel<br \/>\nJostedalen<\/p>\n<p>&nbsp;<\/p>\n","protected":false},"excerpt":{"rendered":"<p>I g\u00e5r (28\/10) hadde eg dette innlegget p\u00e5 prent i Sogn Avis. Det er eit svar p\u00e5 eit st\u00f8rre intervju med avtroppande vararordf\u00f8rar og gruppeleiar for Ap i Luster.<\/p>\n","protected":false},"author":2,"featured_media":0,"comment_status":"open","ping_status":"open","sticky":false,"template":"","format":"standard","meta":{"_acf_changed":false,"footnotes":""},"categories":[21],"tags":[],"class_list":["post-896","post","type-post","status-publish","format-standard","hentry","category-politikk"],"acf":[],"_links":{"self":[{"href":"https:\/\/www.krundalen.no\/blogg\/wp-json\/wp\/v2\/posts\/896"}],"collection":[{"href":"https:\/\/www.krundalen.no\/blogg\/wp-json\/wp\/v2\/posts"}],"about":[{"href":"https:\/\/www.krundalen.no\/blogg\/wp-json\/wp\/v2\/types\/post"}],"author":[{"embeddable":true,"href":"https:\/\/www.krundalen.no\/blogg\/wp-json\/wp\/v2\/users\/2"}],"replies":[{"embeddable":true,"href":"https:\/\/www.krundalen.no\/blogg\/wp-json\/wp\/v2\/comments?post=896"}],"version-history":[{"count":3,"href":"https:\/\/www.krundalen.no\/blogg\/wp-json\/wp\/v2\/posts\/896\/revisions"}],"predecessor-version":[{"id":945,"href":"https:\/\/www.krundalen.no\/blogg\/wp-json\/wp\/v2\/posts\/896\/revisions\/945"}],"wp:attachment":[{"href":"https:\/\/www.krundalen.no\/blogg\/wp-json\/wp\/v2\/media?parent=896"}],"wp:term":[{"taxonomy":"category","embeddable":true,"href":"https:\/\/www.krundalen.no\/blogg\/wp-json\/wp\/v2\/categories?post=896"},{"taxonomy":"post_tag","embeddable":true,"href":"https:\/\/www.krundalen.no\/blogg\/wp-json\/wp\/v2\/tags?post=896"}],"curies":[{"name":"wp","href":"https:\/\/api.w.org\/{rel}","templated":true}]}}